{"id":14801,"date":"2024-09-16T13:00:28","date_gmt":"2024-09-16T10:00:28","guid":{"rendered":"https:\/\/vividclinic.net\/?p=14801"},"modified":"2026-08-18T19:10:47","modified_gmt":"2026-08-18T16:10:47","slug":"the-hair-transplant-process-elon-musk-went-through","status":"publish","type":"post","link":"https:\/\/vividclinic.net\/tr\/the-hair-transplant-process-elon-musk-went-through\/","title":{"rendered":"Elon Musk Sa\u00e7 Ekimi: \u00d6ncesi ve Sonras\u0131, Maliyeti ve S\u00fcreci"},"content":{"rendered":"<p class=\"wp-block-paragraph\">\u00dcnl\u00fclerin sa\u00e7 de\u011fi\u015fimleri aras\u0131nda bu kadar \u00e7ok tart\u0131\u015f\u0131lan az \u00f6rnek vard\u0131r. Tesla ve SpaceX kurucusunun Zip2 ve PayPal y\u0131llar\u0131ndan kalma foto\u011fraflar\u0131, y\u00fcksek, geriye do\u011fru \u00e7ekilmi\u015f bir sa\u00e7 \u00e7izgisi ve g\u00f6zle g\u00f6r\u00fcl\u00fcr \u015fekilde incelmi\u015f bir tepe b\u00f6lgesini g\u00f6steriyor. Bug\u00fcn ise d\u00fc\u015f\u00fck, yo\u011fun ve do\u011fal g\u00f6r\u00fcn\u00fcml\u00fc bir sa\u00e7 \u00e7izgisine sahip. Peki Elon Musk sa\u00e7 ekimi mi yapt\u0131rd\u0131? \u00d6ncesi ve sonras\u0131 foto\u011fraflar\u0131n\u0131 kar\u015f\u0131la\u015ft\u0131ran sa\u00e7 restorasyon cerrahlar\u0131, de\u011fi\u015fimin neredeyse kesinlikle cerrahi oldu\u011funu ve sonucun kalitesinin 1980&#039;lerin ilkel &quot;sa\u00e7 ekimi&quot; y\u00f6nteminden ziyade modern folik\u00fcler \u00fcnite greftleme y\u00f6ntemine i\u015faret etti\u011fini s\u00f6yl\u00fcyor.<\/p>\n\n\n\n<p class=\"wp-block-paragraph\">\u00dcnl\u00fclerin b\u00fct\u00e7elerinin \u00f6tesindeki g\u00fcncel piyasa fiyatlar\u0131 i\u00e7in bak\u0131n\u0131z. <a href=\"https:\/\/vividclinic.net\/tr\/hair-transplant-cost-in-usa-2026-guide-for-patients\/\">2026 y\u0131l\u0131nda ABD&#039;de sa\u00e7 ekiminin maliyeti ne olacak?<\/a>.<\/p>\n\n\n\n<p class=\"wp-block-paragraph\">Musk, i\u015flemle ilgili hi\u00e7bir zaman resmi bir kamuoyu a\u00e7\u0131klamas\u0131 yapmad\u0131, bu nedenle bu sayfadaki her \u015fey, kamuya a\u00e7\u0131k foto\u011fraflar\u0131n ve t\u0131bbi olarak m\u00fcmk\u00fcn olan\u0131n uzman yorumudur, do\u011frulanm\u0131\u015f bir t\u0131bbi ge\u00e7mi\u015f de\u011fildir. Bu Elon Musk sa\u00e7 ekimi rehberi, ger\u00e7ekte neyin de\u011fi\u015fti\u011fini, ne zaman de\u011fi\u015fti\u011fini ve hangi y\u00f6ntemin kullan\u0131ld\u0131\u011f\u0131n\u0131 kapsar. <a href=\"https:\/\/vividclinic.net\/tr\/ultimate-guide-to-hair-transplant-procedures\/\">sa\u00e7 ekimi teknikleri<\/a> Bu sonucu elde etmenin m\u00fcmk\u00fcn olup olmad\u0131\u011f\u0131n\u0131, ayn\u0131 i\u015fin g\u00fcn\u00fcm\u00fczdeki maliyetini ve ger\u00e7ek iyile\u015fme s\u00fcrecinin nas\u0131l g\u00f6r\u00fcnd\u00fc\u011f\u00fcn\u00fc a\u00e7\u0131klayal\u0131m.<\/p>\n\n\n\n<h2 class=\"wp-block-heading\">Elon Musk Sa\u00e7 Ekimi: K\u0131sa Cevap<\/h2>\n\n\n\n<ul class=\"wp-block-list\">\n<li><strong>Onun da bir tane var m\u0131yd\u0131?<\/strong> Neredeyse kesinlikle. Sa\u00e7 \u00e7izgisi bu kadar geriye \u00e7ekildikten sonra, yeniden uzama \u015fekli sadece \u015fekillendirme, takviyeler veya ila\u00e7larla sa\u011flanabilecek bir \u015fey de\u011fildir.<\/li>\n\n\n\n<li><strong>Kel miydi?<\/strong> Tamamen kel de\u011fil, ancak belirgin \u015fekilde sa\u00e7 d\u00f6k\u00fclmesi var. G\u00f6zlemciler, en k\u00f6t\u00fc a\u015famas\u0131n\u0131 yakla\u015f\u0131k olarak Norwood 3 ila 4 erkek tipi sa\u00e7 d\u00f6k\u00fclmesi olarak de\u011ferlendiriyor.<\/li>\n\n\n\n<li><strong>Ne zaman?<\/strong> G\u00f6zle g\u00f6r\u00fcl\u00fcr iyile\u015fme, 2000&#039;li y\u0131llar\u0131n ba\u015flar\u0131ndan ortalar\u0131na kadar olan foto\u011fraflarda ortaya \u00e7\u0131k\u0131yor ve yo\u011funluk, sonraki y\u0131llarda da daha iyi g\u00f6r\u00fcnmeye devam ediyor.<\/li>\n\n\n\n<li><strong>Hangi teknik?<\/strong> O d\u00f6nemde FUT \u015ferit y\u00f6ntemi standart se\u00e7enekti, daha sonraki foto\u011fraflarda g\u00f6r\u00fclen iyile\u015ftirmeler ise FUE folik\u00fcler \u00fcnite ekstraksiyonu \u00e7al\u0131\u015fmas\u0131yla tutarl\u0131d\u0131r.<\/li>\n\n\n\n<li><strong>Sa\u00e7 ekimi mi?<\/strong> Hay\u0131r. Yapay, bebek sa\u00e7\u0131 g\u00f6r\u00fcn\u00fcm\u00fc yok; bu da iyi planlanm\u0131\u015f bir sa\u00e7 ekimini 1980&#039;lerin punch sa\u00e7 ekiminden ay\u0131ran en \u00f6nemli \u00f6zellik.<\/li>\n\n\n\n<li><strong>Bunu bir r\u00f6portajda do\u011frulad\u0131 m\u0131?<\/strong> Do\u011frulanm\u0131\u015f bir teyit bulunmamaktad\u0131r. A\u015fa\u011f\u0131daki r\u00f6portaj iddialar\u0131 b\u00f6l\u00fcm\u00fcne bak\u0131n\u0131z.<\/li>\n\n\n\n<li><strong>Ayn\u0131 i\u015fin bug\u00fcnk\u00fc maliyeti ne kadar?<\/strong> \u0130stanbul&#039;da yakla\u015f\u0131k 2.000 ila 6.000 ABD dolar\u0131, Amerika Birle\u015fik Devletleri veya Birle\u015fik Krall\u0131k&#039;ta ise 8.000 ila 25.000 ABD dolar\u0131 civar\u0131nda.<\/li>\n<\/ul>\n\n\n\n<h2 class=\"wp-block-heading\">Elon Musk&#039;\u0131n Sa\u00e7 Ekimi \u00d6ncesi ve Sonras\u0131: Foto\u011fraflar Ger\u00e7ekte Ne G\u00f6steriyor?<\/h2>\n\n\n\n<p class=\"wp-block-paragraph\">Elon Musk&#039;\u0131n sa\u00e7 ekimi \u00f6ncesi ve sonras\u0131 kar\u015f\u0131la\u015ft\u0131rmas\u0131, kariyerinin yirmi be\u015f y\u0131ldan uzun bir s\u00fcredir s\u00fcrekli olarak foto\u011frafland\u0131\u011f\u0131 bir d\u00f6nemde elde edilen en g\u00fc\u00e7l\u00fc kan\u0131t niteli\u011findedir. G\u00f6r\u00fcnt\u00fcler, tek bir dramatik de\u011fi\u015fimden ziyade, sa\u00e7 d\u00f6k\u00fclmesinin kademeli olarak tersine d\u00f6nd\u00fc\u011f\u00fcn\u00fc g\u00f6stermektedir; bu da i\u015flemin nas\u0131l yap\u0131ld\u0131\u011f\u0131na dair bir ipucu niteli\u011findedir.<\/p>\n\n\n\n<h3 class=\"wp-block-heading\">Sa\u00e7 ekimi \u00f6ncesi Elon Musk<\/h3>\n\n\n\n<p class=\"wp-block-paragraph\">1990&#039;lar\u0131n sonlar\u0131ndan ve 2000&#039;li y\u0131llardan, Zip2&#039;yi, ard\u0131ndan X.com ve PayPal&#039;\u0131 kurdu\u011fu d\u00f6nemden kalma bas\u0131n foto\u011fraflar\u0131, tipik androjenetik alopesiyi g\u00f6steriyor. \u015eakaklar geriye do\u011fru \u00e7ekilmi\u015f, ortada bir tepe olu\u015fmu\u015f, kafa derisinin \u00f6n \u00fc\u00e7te birlik k\u0131sm\u0131 yo\u011funlu\u011funu kaybetmi\u015f ve tepe b\u00f6lgesi yayg\u0131n olarak incelmi\u015fti. \u0130nsanlar Elon Musk&#039;\u0131n sa\u00e7 ekimi \u00f6ncesi veya Elon Musk&#039;\u0131n sa\u00e7 ekimi \u00f6ncesi foto\u011fraflar\u0131n\u0131 ararken tam olarak bunu ar\u0131yorlar ve bu, tedavi edilmedi\u011fi takdirde devam edecek bir durumdu.<\/p>\n\n\n\n<h3 class=\"wp-block-heading\">Elon Musk Sa\u00e7 Ekimi Sonras\u0131<\/h3>\n\n\n\n<p class=\"wp-block-paragraph\">Sonraki g\u00f6r\u00fcnt\u00fclerde, \u00f6n sa\u00e7 \u00e7izgisi belirgin \u015fekilde daha a\u015fa\u011f\u0131da ve al\u0131n boyunca daha d\u00fcz bir \u015fekilde uzan\u0131yor, \u015fakak noktalar\u0131 yeniden olu\u015fturulmu\u015f ve tepe b\u00f6lgesinde art\u0131k do\u011frudan \u0131\u015f\u0131k alt\u0131nda sa\u00e7lar\u0131n aras\u0131ndan kafa derisi g\u00f6r\u00fcnm\u00fcyor. Sa\u00e7 yo\u011funlu\u011fu \u00f6nden arkaya e\u015fit g\u00f6r\u00fcn\u00fcyor ve sa\u00e7lar herhangi bir \u015feyi gizlemek i\u00e7in \u00f6ne do\u011fru taranmak yerine normal bir yandan ayr\u0131lm\u0131\u015f stili koruyor. Bu kombinasyon, yani \u00f6n \u00e7er\u00e7evenin yeniden olu\u015fturulmas\u0131 ve tepe b\u00f6lgesinin doldurulmas\u0131, iyi planlanm\u0131\u015f bir sa\u00e7 ekiminin ula\u015fmay\u0131 hedefledi\u011fi \u015feydir.<\/p>\n\n\n\n<h3 class=\"wp-block-heading\">Elon Musk&#039;\u0131n Sa\u00e7 \u00c7izgisi \u00d6ncesi ve Sonras\u0131: Ele Veren Detay<\/h3>\n\n\n\n<p class=\"wp-block-paragraph\">Cerrahlar \u00f6ncelikle sa\u00e7 \u00e7izgisine bakarlar. Do\u011fal bir \u00f6n \u00e7izgi asla sert, d\u00fcz bir kenar de\u011fildir; tek sa\u00e7 teli greftlerinden olu\u015fturulmu\u015f, yumu\u015fak, d\u00fczensiz bir ge\u00e7i\u015f b\u00f6lgesidir ve hacim kazand\u0131rmak i\u00e7in arkas\u0131na iki ve \u00fc\u00e7 sa\u00e7 teli grefti yerle\u015ftirilir. Daha sonraki foto\u011fraflar\u0131nda bu ge\u00e7i\u015f b\u00f6lgesi mevcuttur, sa\u00e7 \u00e7izgisi ergenlik d\u00f6nemine \u00f6zg\u00fc d\u00fc\u015f\u00fck sa\u00e7 \u00e7izgisi yerine ya\u015fa uygun bir \u015fekilde \u015fekillendirilmi\u015ftir ve \u015fakaklar y\u00fcz\u00fcn geri kalan\u0131yla orant\u0131l\u0131 olarak yeniden yap\u0131land\u0131r\u0131lm\u0131\u015ft\u0131r. Tasar\u0131mdaki bu k\u0131s\u0131tlama, do\u011fal g\u00f6r\u00fcnen bir sonu\u00e7 ile kendini belli eden bir sonu\u00e7 aras\u0131ndaki farkt\u0131r. Bu sonu\u00e7lar\u0131n y\u0131llarca nas\u0131l fark edilmeden kald\u0131\u011f\u0131n\u0131 anlamak istiyorsan\u0131z, rehberimize bak\u0131n. <a href=\"https:\/\/vividclinic.net\/tr\/how-celebrities-hide-hair-transplants-secrets-revealed\/\">\u00fcnl\u00fcler sa\u00e7 ekimini nas\u0131l gizliyor<\/a>.<\/p>\n\n\n\n<figure class=\"wp-block-image size-full\"><img decoding=\"async\" width=\"420\" height=\"240\" src=\"https:\/\/vividclinic.net\/wp-content\/uploads\/2024\/09\/The-Hair-Transplant-Process-Elon-Musk-Went-Through-1.jpg\" alt=\"Elon Musk&#039;\u0131n sa\u00e7 ekimi \u00f6ncesi ve sonras\u0131 kar\u015f\u0131la\u015ft\u0131rmas\u0131, sa\u00e7 \u00e7izgisinin yeniden olu\u015ftu\u011funu ve tepe b\u00f6lgesinin daha g\u00fcrle\u015fti\u011fini g\u00f6steriyor.\" class=\"wp-image-14805\" title=\"\" srcset=\"https:\/\/vividclinic.net\/wp-content\/uploads\/2024\/09\/The-Hair-Transplant-Process-Elon-Musk-Went-Through-1.jpg 420w, https:\/\/vividclinic.net\/wp-content\/uploads\/2024\/09\/The-Hair-Transplant-Process-Elon-Musk-Went-Through-1-400x229.jpg 400w, https:\/\/vividclinic.net\/wp-content\/uploads\/2024\/09\/The-Hair-Transplant-Process-Elon-Musk-Went-Through-1-367x210.jpg 367w\" sizes=\"(max-width: 420px) 100vw, 420px\" \/><figcaption class=\"wp-element-caption\">Elon Musk \u00f6ncesi ve sonras\u0131: PayPal y\u0131llar\u0131ndaki seyrek sa\u00e7lar\u0131 ile daha sonraki g\u00f6r\u00fcn\u00fcmlerindeki g\u00fcr ve sa\u011fl\u0131kl\u0131 sa\u00e7lar\u0131 aras\u0131ndaki fark.<\/figcaption><\/figure>\n\n\n\n<h2 class=\"wp-block-heading\">Elon Musk Sa\u00e7 Ekimi Yapt\u0131rd\u0131 m\u0131?<\/h2>\n\n\n\n<p class=\"wp-block-paragraph\">&quot;Sa\u00e7 ekimi&quot; ifadesi hala en \u00e7ok kullan\u0131lan ifade oldu\u011fundan, bu terimi ameliyattan ay\u0131rmak faydal\u0131 olacakt\u0131r. \u0130nsanlar &quot;Elon Musk sa\u00e7 ekimi&quot; diye arama yapt\u0131klar\u0131nda genellikle herhangi bir sa\u00e7 ekimini kastediyorlar, ancak klinik terimlerle &quot;eklem&quot; belirli ve art\u0131k kullan\u0131lmayan bir tekni\u011fi tan\u0131mlar.<\/p>\n\n\n\n<h3 class=\"wp-block-heading\">Sa\u00e7 ekimi asl\u0131nda neydi?<\/h3>\n\n\n\n<p class=\"wp-block-paragraph\">1950&#039;lerden 1980&#039;lere kadar cerrahlar, her birinde on be\u015f ila yirmi sa\u00e7 teli bulunan dairesel don\u00f6r kafa derisi par\u00e7alar\u0131n\u0131 \u00e7\u0131karmak i\u00e7in yuvarlak bir alet kulland\u0131lar ve daha sonra bu diskleri kellik b\u00f6lgesindeki deliklere b\u0131rakt\u0131lar. Sa\u00e7 uzad\u0131, ancak \u00e7\u0131plak kafa derisiyle ayr\u0131lm\u0131\u015f g\u00f6r\u00fcn\u00fcr tutamlar halinde uzad\u0131; bu da oyuncak bebek sa\u00e7\u0131 ve di\u015f f\u0131r\u00e7as\u0131 benzetmelerinin ortaya \u00e7\u0131kmas\u0131na neden oldu. Foto\u011fraflar\u0131ndaki hi\u00e7bir \u015fey bu g\u00f6r\u00fcn\u00fcme uymuyor.<\/p>\n\n\n\n<h3 class=\"wp-block-heading\">Sonu\u00e7 Neden Sahte G\u00f6r\u00fcnm\u00fcyor?<\/h3>\n\n\n\n<p class=\"wp-block-paragraph\">Modern cerrahi, do\u011fal olarak olu\u015fan bir ila d\u00f6rt k\u0131l i\u00e7eren folik\u00fcler \u00fcniteleri, \u00e7evredeki sa\u00e7larla ayn\u0131 a\u00e7\u0131 ve y\u00f6nde, yakla\u015f\u0131k olarak santimetre kare ba\u015f\u0131na k\u0131rk ila elli \u00fcnite yo\u011funlu\u011funda nakleder. Tek bir deli\u011fe yirmi k\u0131l yerine, binlerce k\u00fc\u00e7\u00fck ve birbirine kar\u0131\u015fan yerle\u015ftirme elde edersiniz. Elon Musk&#039;\u0131n sa\u00e7 ekimi \u00f6ncesi ve sonras\u0131 g\u00f6r\u00fcnt\u00fclerini kar\u015f\u0131la\u015ft\u0131ran herkes asl\u0131nda punch greftleme ve folik\u00fcler \u00fcnite greftleme aras\u0131ndaki farka bak\u0131yor ki bu da bu alandaki en b\u00fcy\u00fck ilerlemedir.<\/p>\n\n\n\n<h3 class=\"wp-block-heading\">Bu bir sa\u00e7 par\u00e7as\u0131, peruk veya sa\u00e7 sistemi olabilir mi?<\/h3>\n\n\n\n<p class=\"wp-block-paragraph\">Sa\u00e7 protezinin sabit bir taban\u0131 vard\u0131r, bu nedenle sa\u00e7 \u00e7izgisi y\u0131llarca ayn\u0131 kal\u0131r, ayr\u0131m \u00e7izgisi serbest\u00e7e hareket edemez ve sa\u00e7 r\u00fczgarda, ya\u011fmurda veya y\u00fczmede farkl\u0131 davranmaz. Onun sa\u00e7\u0131 y\u0131llar i\u00e7inde uzunluk, stil, renk ve ayr\u0131m \u00e7izgisi de\u011fi\u015ftirdi, \u0131slakken foto\u011frafland\u0131 ve ya\u015fla birlikte inceldi ve tekrar uzad\u0131. Pratik olarak, sa\u00e7 protezi teorisi ge\u00e7erli de\u011fil.<\/p>\n\n\n\n<h2 class=\"wp-block-heading\">Elon Musk&#039;\u0131n Sa\u00e7 Ekimi Yapt\u0131rd\u0131\u011f\u0131 Do\u011fruland\u0131 m\u0131: Bunu Bir R\u00f6portajda Kabul Etti mi?<\/h2>\n\n\n\n<p class=\"wp-block-paragraph\">Bu konuyla ilgili aramalar\u0131n b\u00fcy\u00fck bir k\u0131sm\u0131 bir itiraf aray\u0131\u015f\u0131nda: Elon Musk&#039;\u0131n sa\u00e7 ekimi yapt\u0131rd\u0131\u011f\u0131na dair bir do\u011frulama r\u00f6portaj\u0131, do\u011frulanm\u0131\u015f bir a\u00e7\u0131klama veya Rolling Stone dergisine verdi\u011fi ve bunu itiraf etti\u011fi iddia edilen bir r\u00f6portaj. \u0130\u015fte d\u00fcr\u00fcst ger\u00e7ek.<\/p>\n\n\n\n<p class=\"wp-block-paragraph\">Elon Musk&#039;\u0131n sa\u00e7 ekimi yapt\u0131rd\u0131\u011f\u0131n\u0131 do\u011frulayan, ger\u00e7ek bir kaynaktan al\u0131nm\u0131\u015f bir r\u00f6portaj bulunmamaktad\u0131r. Sosyal medyada ve haber sitelerinde dola\u015fan iddialar, orijinal bir metne de\u011fil, birbirine dayanmaktad\u0131r ve bu konuda kendisine atfedilen al\u0131nt\u0131lar s\u0131kl\u0131kla yeniden ifade edilmi\u015f, yanl\u0131\u015f \u00e7evrilmi\u015f veya tamamen uydurulmu\u015ftur. Y\u0131llar boyunca genel olarak kendi g\u00f6r\u00fcn\u00fcm\u00fcyle ilgili \u015fakalar yapmaya istekli olmu\u015ftur ki bu genellikle k\u0131smi bir itiraf olarak bildirilmektedir, ancak \u015faka bir do\u011frulama de\u011fildir.<\/p>\n\n\n\n<p class=\"wp-block-paragraph\">Ayn\u0131 durum, Elon Musk&#039;\u0131n estetik ameliyat\u0131 oldu\u011funa dair daha geni\u015f kapsaml\u0131 do\u011frulama aramalar\u0131 i\u00e7in de ge\u00e7erlidir. Bu t\u00fcrden hi\u00e7bir a\u00e7\u0131klama da do\u011frulanmam\u0131\u015ft\u0131r. Uydurma bir al\u0131nt\u0131 yay\u0131nlamaktansa bunu size a\u00e7\u0131k\u00e7a s\u00f6ylemeyi tercih ediyoruz ve belgelenmi\u015f bir do\u011frulama ortaya \u00e7\u0131karsa bu makaleyi g\u00fcncelleyece\u011fiz.<\/p>\n\n\n\n<p class=\"wp-block-paragraph\">Unutulmamas\u0131 gereken bir nokta: sessizlik tamamen normaldir. \u00c7o\u011fu tan\u0131nm\u0131\u015f ki\u015fi bu konuyu asla tart\u0131\u015fmaz, bu y\u00fczden konu y\u0131llarca spek\u00fclatif kal\u0131r. \u0130\u015fte bu konuda derledi\u011fimiz bilgiler: <a href=\"https:\/\/vividclinic.net\/tr\/29-top-celebrities-who-secretly-had-hair-transplants\/\">Sessizce sa\u00e7 ekimi yapt\u0131ran \u00fcnl\u00fcler<\/a> Bu durum, bu t\u00fcr bir takdir yetkisinin ne kadar yayg\u0131n oldu\u011funu g\u00f6steriyor.<\/p>\n\n\n\n<h2 class=\"wp-block-heading\">Elon Musk sa\u00e7 ekimini nerede yapt\u0131rd\u0131 ve kim yapt\u0131?<\/h2>\n\n\n\n<p class=\"wp-block-paragraph\">Elon Musk&#039;\u0131n sa\u00e7 ekimini kimin yapt\u0131\u011f\u0131n\u0131 g\u00fcvenilir bir \u015fekilde belgeleyen hi\u00e7bir klinik veya cerrah bulunmamaktad\u0131r. De\u011fi\u015fimin g\u00f6r\u00fcn\u00fcr hale geldi\u011fi d\u00f6nemde Kaliforniya&#039;da ya\u015fad\u0131\u011f\u0131 ve \u00e7al\u0131\u015ft\u0131\u011f\u0131 g\u00f6z \u00f6n\u00fcne al\u0131nd\u0131\u011f\u0131nda, i\u015flemin Amerika Birle\u015fik Devletleri&#039;nde, b\u00fcy\u00fck olas\u0131l\u0131kla Los Angeles veya San Francisco K\u00f6rfez B\u00f6lgesi&#039;nde, \u00fcnl\u00fclerin sa\u00e7 restorasyon uygulamalar\u0131n\u0131n zaten yerle\u015fik oldu\u011fu bir pazarda yap\u0131ld\u0131\u011f\u0131 varsay\u0131labilir. Bu bir varsay\u0131md\u0131r, bir ger\u00e7ek de\u011fildir.<\/p>\n\n\n\n<p class=\"wp-block-paragraph\">\u00dcnl\u00fc bir sa\u00e7 stilinin sahibi oldu\u011funu iddia eden herhangi bir klini\u011fe \u015f\u00fcpheyle yakla\u015f\u0131n. R\u0131zas\u0131 olmayan bir hastan\u0131n ad\u0131n\u0131 kamuoyuna a\u00e7\u0131klayan bir uygulama, temel t\u0131bbi gizlili\u011fi ihlal eder; bu nedenle, \u00fcnl\u00fc bir sa\u00e7 stilinin sahibi oldu\u011funu iddia eden bir klinik, size becerisinden ziyade etik anlay\u0131\u015f\u0131 hakk\u0131nda faydal\u0131 bir \u015feyler anlat\u0131r.<\/p>\n\n\n\n<p class=\"wp-block-paragraph\">Bir klini\u011fin hangi \u00fcnl\u00fcy\u00fc tedavi etti\u011finden \u00e7ok daha \u00f6nemli olan \u015fey, ne\u015fteri kimin tuttu\u011fu ve i\u015flemin nas\u0131l planland\u0131\u011f\u0131d\u0131r. Sa\u00e7 \u00e7ekimini ve kesileri kimin yapt\u0131\u011f\u0131n\u0131, cerrah\u0131n g\u00fcnde ka\u00e7 i\u015flem yapt\u0131\u011f\u0131n\u0131, takip kontrollerinde ayn\u0131 doktoru g\u00f6r\u00fcp g\u00f6rmeyece\u011finizi sorun ve sa\u00e7 d\u00f6k\u00fclme derecenize sahip hastalar\u0131n d\u00fczenlenmemi\u015f \u00f6ncesi ve sonras\u0131 foto\u011fraflar\u0131n\u0131 isteyin. Genel bak\u0131\u015f\u0131m\u0131z... <a href=\"https:\/\/vividclinic.net\/tr\/doctors-endorsed-by-celebrities-for-hair-transplants\/\">Sa\u00e7 ekimi cerrah\u0131nda nelere dikkat edilmeli?<\/a> Sorulmaya de\u011fer sorular\u0131 kapsar.<\/p>\n\n\n\n<h2 class=\"wp-block-heading\">Elon Musk Sa\u00e7lar\u0131n\u0131 Nas\u0131l Yeniden \u00c7\u0131kard\u0131?<\/h2>\n\n\n\n<p class=\"wp-block-paragraph\">Asl\u0131nda, daha \u00f6nce kaybedilmi\u015f sa\u00e7lar\u0131 yeniden \u00e7\u0131karmad\u0131. Erkek tipi kellikten etkilenen bir sa\u00e7 k\u00f6k\u00fc \u00f6ld\u00fckten sonra, g\u00fcn\u00fcm\u00fczde mevcut olan hi\u00e7bir y\u00f6ntem onu geri getiremez. Sa\u00e7 ekimi, hala sahip oldu\u011funuz sa\u00e7lar\u0131 yeniden da\u011f\u0131t\u0131r.<\/p>\n\n\n\n<h3 class=\"wp-block-heading\">Ameliyatla Kal\u0131c\u0131 Sa\u00e7lar \u00d6ne Ta\u015f\u0131nd\u0131<\/h3>\n\n\n\n<p class=\"wp-block-paragraph\">Kafa derisinin arka ve yan k\u0131s\u0131mlar\u0131ndaki sa\u00e7lar, kal\u0131tsal kellikten sorumlu hormon olan DHT&#039;ye genetik olarak diren\u00e7lidir. Bu folik\u00fcllerin sa\u00e7 \u00e7izgisine ve tepeye ta\u015f\u0131nmas\u0131, yeni konumlar\u0131nda \u00f6m\u00fcr boyu uzamaya devam etmeleri anlam\u0131na gelir. Elon Musk&#039;\u0131n sa\u00e7lar\u0131n\u0131 geri kazanmas\u0131n\u0131n ard\u0131ndaki mekanizma budur ve bu nedenle don\u00f6r b\u00f6lge her durumda ger\u00e7ek s\u0131n\u0131rlay\u0131c\u0131 fakt\u00f6rd\u00fcr.<\/p>\n\n\n\n<h3 class=\"wp-block-heading\">\u0130la\u00e7lar Geriye Kalanlar\u0131 Korumu\u015f Olabilir<\/h3>\n\n\n\n<p class=\"wp-block-paragraph\">Elon Musk ve Propecia aramalar\u0131 yayg\u0131nd\u0131r ve kendisinin bunu kulland\u0131\u011f\u0131na dair bir teyit yoktur. Bununla birlikte, genel olarak, t\u0131bbi olarak kabul g\u00f6rm\u00fc\u015f iki se\u00e7enek, DHT seviyelerini d\u00fc\u015f\u00fcren oral finasterid ve b\u00fcy\u00fcme evresini uzatan topikal minoksidildir. Cerrahlar, greftlerin etraf\u0131ndaki do\u011fal sa\u00e7lar\u0131n incelmesini \u00f6nlemek ve b\u00f6ylece y\u0131llar sonra nakledilen b\u00f6lgenin izole g\u00f6r\u00fcnmesini engellemek i\u00e7in ameliyatla birlikte rutin olarak birini veya her ikisini de \u00f6nerirler. Her ikisi de olas\u0131 yan etkileri olan re\u00e7eteli ila\u00e7lard\u0131r, bu nedenle bir al\u0131\u015fveri\u015f sepetinden ziyade bir doktorla g\u00f6r\u00fc\u015fme konusu olmal\u0131d\u0131r.<\/p>\n\n\n\n<h3 class=\"wp-block-heading\">B\u00fcy\u00fcme Neden Ani De\u011fil de Kademeli G\u00f6r\u00fcnd\u00fc?<\/h3>\n\n\n\n<p class=\"wp-block-paragraph\">Nakledilen folik\u00fcller ameliyattan sonraki haftalar i\u00e7inde d\u00f6k\u00fcl\u00fcr ve ard\u0131ndan yeniden ba\u015flamadan \u00f6nce bir s\u00fcre dinlenir. Tam yo\u011funlu\u011fa yakla\u015f\u0131k bir y\u0131l sonra ula\u015f\u0131l\u0131r. Kamuoyu \u00f6n\u00fcndeki g\u00f6r\u00fcn\u00fc\u015flerine yans\u0131yan bu yava\u015f e\u011fri, do\u011fal bir iyile\u015fme gibi g\u00f6r\u00fcn\u00fcr; bu da de\u011fi\u015fiminin ancak sonradan fark edilmesinin nedenlerinden biridir.<\/p>\n\n\n\n<h2 class=\"wp-block-heading\">Elon Musk&#039;\u0131n Sa\u00e7 D\u00f6k\u00fclmesi: Ne T\u00fcr Bir Kellikti?<\/h2>\n\n\n\n<p class=\"wp-block-paragraph\">Onun kay\u0131p modeli \u015fuydu: <a href=\"https:\/\/www.ncbi.nlm.nih.gov\/books\/NBK430924\/\" target=\"_blank\" rel=\"noopener nofollow\">androjenetik alopesi<\/a>, Erkeklerdeki sa\u00e7 d\u00f6k\u00fclmesinin yakla\u015f\u0131k y\u00fczde doksan be\u015finin alt\u0131nda yatan, kal\u0131tsal ve hormon kaynakl\u0131 bir durumdur. Klinisyenlerin Norwood \u00f6l\u00e7e\u011fiyle tan\u0131mlad\u0131\u011f\u0131, tahmin edilebilir bir seyir izler:<\/p>\n\n\n\n<ul class=\"wp-block-list\">\n<li><strong>Norwood 2:<\/strong> Sa\u00e7 \u00e7izgisi \u015fakaklardan geriye do\u011fru \u00e7ekilmeye ba\u015flar.<\/li>\n\n\n\n<li><strong>Norwood 3:<\/strong> Tap\u0131naklar belirgin bir \u015fekilde geriye \u00e7ekilerek M \u015feklini olu\u015fturuyor.<\/li>\n\n\n\n<li><strong>Norwood 3. k\u00f6\u015feden 4. k\u00f6\u015feye:<\/strong> Al\u0131n b\u00f6lgesindeki sa\u00e7 kayb\u0131 derinle\u015fir ve tepe k\u0131sm\u0131 ayr\u0131 olarak incelmeye ba\u015flar. \u00c7o\u011fu g\u00f6zlemci en k\u00f6t\u00fc evresini bu olarak de\u011ferlendirir.<\/li>\n\n\n\n<li><strong>Norwood 5 ila 7:<\/strong> \u0130ki b\u00f6lge birle\u015ferek arkada ve yanlarda yaln\u0131zca ince bir sa\u00e7 \u015feridi b\u0131rak\u0131r.<\/li>\n<\/ul>\n\n\n\n<p class=\"wp-block-paragraph\">Norwood 3-4 evresinde tedavi olmak, daha sonraki evrelere g\u00f6re \u00f6nemli bir avantajd\u0131r. Don\u00f6r b\u00f6lgeye hen\u00fcz dokunulmam\u0131\u015ft\u0131r, al\u0131c\u0131 b\u00f6lge daha k\u00fc\u00e7\u00fckt\u00fcr ve tek bir ba\u015far\u0131l\u0131 seansla t\u00fcm b\u00f6lge kaplanabilir. 6. evreye kadar bekleyen hastalar\u0131n, hen\u00fcz b\u00fcy\u00fcmemi\u015f don\u00f6r b\u00f6lgeden \u00e7ok daha fazla sa\u00e7 d\u00f6k\u00fclmesini \u00f6nlemek i\u00e7in \u00e7ok daha fazla greft&#039;e ihtiya\u00e7lar\u0131 vard\u0131r.<\/p>\n\n\n\n<h2 class=\"wp-block-heading\">Elon Musk Hangi Sa\u00e7 Ekimi T\u00fcr\u00fcn\u00fc Yapt\u0131rd\u0131? FUE mi, FUT mu?<\/h2>\n\n\n\n<p class=\"wp-block-paragraph\">Elon Musk&#039;\u0131n sa\u00e7 ekimiyle ilgili tart\u0131\u015fmalarda iki teknik \u00f6ne \u00e7\u0131k\u0131yor ve d\u00f6n\u00fc\u015f\u00fcm\u00fcn\u00fcn zamanlamas\u0131 her ikisini de olas\u0131 k\u0131l\u0131yor.<\/p>\n\n\n\n<h3 class=\"wp-block-heading\">FUE Sa\u00e7 Ekimi Nas\u0131l \u00c7al\u0131\u015f\u0131r?<\/h3>\n\n\n\n<p class=\"wp-block-paragraph\"><a href=\"https:\/\/vividclinic.net\/tr\/operations\/hair-transplant\/fue-hair-transplantation\/\">Folik\u00fcler \u00fcnite ekstraksiyonu<\/a> Don\u00f6r b\u00f6lgeden bir milimetreden daha ince bir punch aleti kullan\u0131larak folik\u00fcller tek tek al\u0131n\u0131r. \u0130\u015flem ad\u0131mlar\u0131 klinikten klini\u011fe ayn\u0131d\u0131r:<\/p>\n\n\n\n<ol class=\"wp-block-list\">\n<li><strong>Planlama ve sa\u00e7 \u00e7izgisi tasar\u0131m\u0131.<\/strong> Cerrah, ekim yap\u0131lacak b\u00f6lgeyi haritaland\u0131r\u0131r, sizinle sa\u00e7 \u00e7izgisi \u015fekli konusunda anla\u015f\u0131r ve don\u00f6r b\u00f6lgeden al\u0131nacak sa\u00e7 miktar\u0131na g\u00f6re ekilecek sa\u00e7 say\u0131s\u0131n\u0131 hesaplar.<\/li>\n\n\n\n<li><strong>Lokal anestezi.<\/strong> Kafa derisi uyu\u015fturulur. \u0130\u015flem s\u0131ras\u0131nda uyan\u0131k kal\u0131rs\u0131n\u0131z ve i\u015flem ac\u0131 verici de\u011fildir.<\/li>\n\n\n\n<li><strong>\u00c7\u0131karma.<\/strong> Tek tek folik\u00fcler \u00fcniteler s\u0131rt ve yanlardan toplan\u0131r ve \u00e7izgi yerine nokta \u015feklinde izler b\u0131rak\u0131l\u0131r.<\/li>\n\n\n\n<li><strong>A\u015f\u0131 ay\u0131klama.<\/strong> \u00dcniteler sa\u00e7 say\u0131s\u0131na g\u00f6re ayr\u0131l\u0131r ve canl\u0131l\u0131klar\u0131n\u0131 korumak i\u00e7in so\u011futulmu\u015f bir \u00e7\u00f6zeltide saklan\u0131r.<\/li>\n\n\n\n<li><strong>Kanal olu\u015fturma.<\/strong> Do\u011fal b\u00fcy\u00fcmenin tam a\u00e7\u0131s\u0131 ve y\u00f6n\u00fcnde minik kesikler a\u00e7\u0131l\u0131r. Bu a\u015fama, sonucun ger\u00e7ek\u00e7i g\u00f6r\u00fcn\u00fcp g\u00f6r\u00fcnmeyece\u011fini belirler.<\/li>\n\n\n\n<li><strong>Atama.<\/strong> Tek telli \u00fcniteler \u00f6n kenara, \u00e7ok telli \u00fcniteler ise yo\u011funluk sa\u011flamak i\u00e7in bunlar\u0131n arkas\u0131na yerle\u015ftirilir.<\/li>\n<\/ol>\n\n\n\n<p class=\"wp-block-paragraph\">Tam bir seans alt\u0131 ila sekiz saat s\u00fcrer ve \u00e7ok fazla say\u0131da a\u015f\u0131 yap\u0131lacaksa iki g\u00fcne b\u00f6l\u00fcnebilir. Ad\u0131m ad\u0131m talimatlar i\u00e7in bak\u0131n\u0131z. <a href=\"https:\/\/vividclinic.net\/tr\/how-is-a-hair-transplant-done\/\">Sa\u00e7 ekimi nas\u0131l yap\u0131l\u0131r<\/a>.<\/p>\n\n\n\n<figure class=\"wp-block-image size-full\"><img decoding=\"async\" width=\"420\" height=\"240\" src=\"https:\/\/vividclinic.net\/wp-content\/uploads\/2024\/09\/The-Hair-Transplant-Process-Elon-Musk-Went-Through-2.jpg\" alt=\"FUE sa\u00e7 ekimi i\u015flemini ger\u00e7ekle\u015ftiren cerrah, bu teknik en \u00e7ok Elon Musk&#039;\u0131n sa\u00e7 restorasyonuyla ili\u015fkilendirilen y\u00f6ntemdir.\" class=\"wp-image-14802\" title=\"\" srcset=\"https:\/\/vividclinic.net\/wp-content\/uploads\/2024\/09\/The-Hair-Transplant-Process-Elon-Musk-Went-Through-2.jpg 420w, https:\/\/vividclinic.net\/wp-content\/uploads\/2024\/09\/The-Hair-Transplant-Process-Elon-Musk-Went-Through-2-400x229.jpg 400w, https:\/\/vividclinic.net\/wp-content\/uploads\/2024\/09\/The-Hair-Transplant-Process-Elon-Musk-Went-Through-2-367x210.jpg 367w\" sizes=\"(max-width: 420px) 100vw, 420px\" \/><figcaption class=\"wp-element-caption\">FUE y\u00f6ntemiyle folik\u00fcler \u00fcniteler tek tek \u00e7\u0131kar\u0131l\u0131r; bu nedenle modern sonu\u00e7lar art\u0131k eski sa\u00e7 ekimi y\u00f6ntemlerine benzemez.<\/figcaption><\/figure>\n\n\n\n<h3 class=\"wp-block-heading\">FUT ve Yara \u0130zi Sorunu<\/h3>\n\n\n\n<p class=\"wp-block-paragraph\">Folik\u00fcler \u00fcnite transplantasyonu (FUT), \u015ferit y\u00f6ntemiyle, ba\u015f\u0131n arkas\u0131ndan bir deri \u015feridi al\u0131n\u0131r, mikroskop alt\u0131nda tek tek \u00fcnitelere ayr\u0131l\u0131r ve ince, do\u011frusal bir yara izi b\u0131rak\u0131l\u0131r. 2000&#039;li y\u0131llar\u0131n ba\u015flar\u0131nda bu, yayg\u0131n bir se\u00e7enekti ve o d\u00f6nemde ameliyat olan herkesin bu y\u00f6ntemi ge\u00e7irmi\u015f olmas\u0131 muhtemeldir. \u0130nsanlar Elon Musk&#039;\u0131n FUT yara izini ararken i\u015fte bunu soruyorlar. Foto\u011fraflarda b\u00f6yle bir yara izi g\u00f6r\u00fcnm\u00fcyor, ancak iyi kapanm\u0131\u015f bir \u015ferit yara izi ense b\u00f6lgesinde a\u015fa\u011f\u0131da bulunur ve k\u0131sa sa\u00e7larda bile tamamen sa\u00e7la \u00f6rt\u00fcl\u00fcd\u00fcr, bu nedenle foto\u011fraflarda olmamas\u0131 da pek bir \u015fey kan\u0131tlamaz.<\/p>\n\n\n\n<h3 class=\"wp-block-heading\">DHI&#039;nin Rol\u00fc Nerede?<\/h3>\n\n\n\n<p class=\"wp-block-paragraph\">Direkt sa\u00e7 ekimi, kalem benzeri bir implantasyon aletiyle kanal\u0131n a\u00e7\u0131ld\u0131\u011f\u0131 ve grefti tek hareketle yerle\u015ftirdi\u011fi FUE&#039;nin geli\u015ftirilmi\u015f bir versiyonudur. A\u00e7\u0131 ve derinlik \u00fczerinde \u00e7ok hassas kontrol sa\u011flar, bu da sa\u00e7 \u00e7izgisi \u00e7al\u0131\u015fmalar\u0131 ve yo\u011fun ekim i\u00e7in uygundur. G\u00fcn\u00fcm\u00fczde bir\u00e7ok hastan\u0131n \u00f6zellikle talep etti\u011fi bir tekniktir ve makalemizde bu konuya de\u011findik. <a href=\"https:\/\/vividclinic.net\/tr\/celebrities-hair-transplants-why-celebrities-love-dhi-technique\/\">DHI tekni\u011finin kamuoyunda tan\u0131nan ki\u015filer aras\u0131nda neden pop\u00fcler oldu\u011fu<\/a> Bunun nedenini a\u00e7\u0131kl\u0131yor.<\/p>\n\n\n\n<h2 class=\"wp-block-heading\">Elon Musk Sa\u00e7 Ekimi S\u00fcreci: Ay Ay<\/h2>\n\n\n\n<p class=\"wp-block-paragraph\">Elon Musk&#039;\u0131n sa\u00e7 ekimi s\u00fcreci, di\u011fer herkesinkiyle ayn\u0131 \u015fekilde ilerleyecekti ve bunu bilmek, \u00e7o\u011fu hastada d\u00f6rd\u00fcnc\u00fc hafta civar\u0131nda ya\u015fanan pani\u011fi \u00f6nl\u00fcyor.<\/p>\n\n\n\n<ul class=\"wp-block-list\">\n<li><strong>1. g\u00fcnden 7. g\u00fcne kadar:<\/strong> Her bir greftin etraf\u0131nda k\u0131zar\u0131kl\u0131k, hafif \u015fi\u015flik ve k\u00fc\u00e7\u00fck kabuklanmalar g\u00f6r\u00fclebilir. Uyku pozisyonu ve y\u0131kama tekni\u011fi burada en \u00f6nemli fakt\u00f6rlerdir; bu konu rehberimizde ayr\u0131nt\u0131l\u0131 olarak ele al\u0131nm\u0131\u015ft\u0131r. <a href=\"https:\/\/vividclinic.net\/tr\/first-seven-days-after-hair-transplant\/\">sa\u00e7 ekiminden sonraki ilk yedi g\u00fcn<\/a>.<\/li>\n\n\n\n<li><strong>2. ila 4. Haftalar:<\/strong> \u015eok kayb\u0131. Nakledilen k\u00f6k h\u00fccreler d\u00fc\u015ferken alttaki folik\u00fcller hayatta kal\u0131r. Bu beklenen bir durumdur, ba\u015far\u0131s\u0131zl\u0131k de\u011fildir.<\/li>\n\n\n\n<li><strong>2. ve 3. Aylar:<\/strong> Sessiz evre. G\u00f6zle g\u00f6r\u00fcl\u00fcr \u00e7ok az de\u011fi\u015fiklik var ve \u00e7o\u011fu hasta bu d\u00f6nemde endi\u015feleniyor.<\/li>\n\n\n\n<li><strong>3 ila 5. Aylar:<\/strong> Yeni, ince t\u00fcyler \u00e7\u0131kmaya ba\u015flar, bunlar ba\u015flang\u0131\u00e7ta genellikle ince ve seyrek olur.<\/li>\n\n\n\n<li><strong>6 ila 9. Aylar:<\/strong> Son sonucun yakla\u015f\u0131k y\u00fczde altm\u0131\u015f ila yetmi\u015fi, sa\u00e7lar\u0131n kal\u0131nla\u015fmas\u0131 ve \u015fekil almas\u0131yla elde edilir.<\/li>\n\n\n\n<li><strong>12 ila 18. Aylar:<\/strong> Tam olgunlu\u011fa eri\u015fildi. Doku ve yo\u011funluk yerine oturdu ve her zaman en yava\u015f geli\u015fen tepe k\u0131sm\u0131 da olgunlu\u011fa ula\u015ft\u0131.<\/li>\n<\/ul>\n\n\n\n<h2 class=\"wp-block-heading\">Elon Musk&#039;\u0131n Sa\u00e7 Ekimi Maliyeti: Ayn\u0131 \u0130\u015flem Size Ne Kadara Mal Olurdu?<\/h2>\n\n\n\n<p class=\"wp-block-paragraph\">Elon Musk&#039;\u0131n sa\u00e7 ekimi maliyetine ili\u015fkin tahminler internette olduk\u00e7a de\u011fi\u015fkenlik g\u00f6steriyor ve ger\u00e7ekte fiyat, ekilen greft say\u0131s\u0131, teknik ve her \u015feyden \u00f6nemlisi lokasyona ba\u011fl\u0131 olarak de\u011fi\u015fiyor. Onun durumuna benzer bir Norwood 3-4 vakas\u0131 i\u00e7in tipik olarak 2.500 ila 4.000 greft gerekir. Kabaca bir tahminle, bu, Amerika Birle\u015fik Devletleri veya Birle\u015fik Krall\u0131k&#039;taki \u00f6zel bir klinikte yakla\u015f\u0131k 8.000 ila 25.000 ABD dolar\u0131, \u0130stanbul&#039;da ise yakla\u015f\u0131k 2.000 ila 6.000 ABD dolar\u0131 anlam\u0131na gelir; \u0130stanbul&#039;daki her \u015fey dahil paketler genellikle ameliyat\u0131, oteli, transferleri ve ameliyat sonras\u0131 bak\u0131m \u00fcr\u00fcnlerini kapsar. Rakamlar\u0131 ayr\u0131nt\u0131l\u0131 olarak inceliyoruz. <a href=\"https:\/\/vividclinic.net\/tr\/elon-musks-hair-transplant-cost\/\">Elon Musk&#039;\u0131n sa\u00e7 ekimi maliyeti<\/a> ve bizim <a href=\"https:\/\/vividclinic.net\/tr\/canada-hair-transplant-cost\/\">uluslararas\u0131 maliyet kar\u015f\u0131la\u015ft\u0131rmas\u0131<\/a>.<\/p>\n\n\n\n<p class=\"wp-block-paragraph\">Fiyat kar\u015f\u0131la\u015ft\u0131rmas\u0131 yaparken bir uyar\u0131: En ucuz teklif genellikle bir teknisyenin ameliyat\u0131n b\u00fcy\u00fck bir b\u00f6l\u00fcm\u00fcn\u00fc ger\u00e7ekle\u015ftirmesi veya greft say\u0131s\u0131n\u0131n c\u00f6mert\u00e7e hesaplanmas\u0131 nedeniyle ucuzdur. Rakamlar\u0131 kar\u015f\u0131la\u015ft\u0131rmadan \u00f6nce nelerin dahil oldu\u011funu ve ameliyat\u0131 kimin yapaca\u011f\u0131n\u0131 sorun.<\/p>\n\n\n\n<h2 class=\"wp-block-heading\">Elon Musk&#039;\u0131n Estetik Ameliyat\u0131 Hakk\u0131ndaki Spek\u00fclasyonlar: Y\u00fcz m\u00fc, Sa\u00e7 m\u0131?<\/h2>\n\n\n\n<p class=\"wp-block-paragraph\">Elon Musk&#039;\u0131n sa\u00e7 ekimi tart\u0131\u015fmas\u0131n\u0131n yan\u0131 s\u0131ra, y\u00fczdeki de\u011fi\u015fikliklerle ilgili daha geni\u015f bir teori yelpazesi de mevcut. \u0130kisini birbirinden ayr\u0131 tutmakta fayda var. Sa\u00e7 d\u00f6k\u00fclmesi belgelenmi\u015f, geri d\u00f6nd\u00fcr\u00fclemez bir biyolojik modeli izler, bu nedenle ger\u00e7ekten de bir geri d\u00f6n\u00fc\u015f m\u00fcdahale gerektirir. Yirmi be\u015f y\u0131l i\u00e7inde y\u00fcz g\u00f6r\u00fcn\u00fcm\u00fcndeki de\u011fi\u015fiklikler \u00e7ok daha s\u0131radan nedenlere ba\u011fl\u0131d\u0131r: \u00f6nemli kilo dalgalanmalar\u0131, ya\u015flanma, di\u015f tedavisi, farkl\u0131 ayd\u0131nlatma, kamera lensleri ve ki\u015fisel bak\u0131m. Bu fakt\u00f6rler, internette dola\u015fan yan yana kar\u015f\u0131la\u015ft\u0131rmalar\u0131n \u00e7o\u011funu a\u00e7\u0131kl\u0131yor ve sa\u00e7 d\u0131\u015f\u0131nda cerrahi m\u00fcdahaleye dair g\u00fcvenilir bir kan\u0131t yok. Birinin y\u00fcz\u00fc hakk\u0131nda spek\u00fclasyon yapmaktansa bunu s\u00f6ylemeyi tercih ederiz.<\/p>\n\n\n\n<h2 class=\"wp-block-heading\">Elon Musk birden fazla sa\u00e7 ekimi yapt\u0131rd\u0131 m\u0131?<\/h2>\n\n\n\n<p class=\"wp-block-paragraph\">\u00c7ok b\u00fcy\u00fck olas\u0131l\u0131kla, ve bu ola\u011fan d\u0131\u015f\u0131 bir durum olmazd\u0131. Sa\u00e7 d\u00f6k\u00fclmesi ilerleyici bir s\u00fcre\u00e7tir, bu nedenle otuzlu ya\u015flar\u0131nda tedavi g\u00f6ren bir erkek, devam eden do\u011fal incelmeye ayak uydurmak veya \u00f6n k\u0131s\u0131mdaki sa\u00e7lar sa\u011flamla\u015ft\u0131ktan sonra tepe b\u00f6lgesine yo\u011funluk kazand\u0131rmak i\u00e7in k\u0131rkl\u0131 veya ellili ya\u015flar\u0131nda ikinci bir seansa ihtiya\u00e7 duyabilir. Foto\u011fraflar, sa\u00e7 yo\u011funlu\u011funun bir anda de\u011fil, a\u015famalar halinde iyile\u015fti\u011fini g\u00f6steriyor ki bu da bak\u0131m ila\u00e7lar\u0131yla desteklenen a\u015famal\u0131 bir \u00e7al\u0131\u015fmayla tutarl\u0131d\u0131r. T\u00fcm don\u00f6r sa\u00e7 kayna\u011f\u0131n\u0131 agresif bir \u015fekilde d\u00fc\u015f\u00fck sa\u00e7 \u00e7izgisine harcamayarak bu olas\u0131l\u0131\u011f\u0131 ba\u015ftan planlamak, iyi bir cerrah\u0131n i\u015faretidir.<\/p>\n\n\n\n<h2 class=\"wp-block-heading\">Musk&#039;\u0131n ge\u00e7irdi\u011fi d\u00f6n\u00fc\u015f\u00fcm, sa\u00e7 d\u00f6k\u00fclmesi hakk\u0131ndaki tart\u0131\u015fmay\u0131 nas\u0131l de\u011fi\u015ftirdi?<\/h2>\n\n\n\n<p class=\"wp-block-paragraph\">Elon Musk&#039;\u0131n sa\u00e7 ekimi hakk\u0131nda konu\u015fup konu\u015fmamas\u0131 bilinmese de, bu olay\u0131n g\u00f6r\u00fcn\u00fcrl\u00fc\u011f\u00fc faydal\u0131 bir etki yaratt\u0131. Yirmi y\u0131l \u00f6nce sa\u00e7 ekimi erkeklerin saklad\u0131\u011f\u0131 bir \u015feydi; \u015fimdi ise di\u015f tedavisi ve lazer g\u00f6z ameliyat\u0131 gibi rutin, s\u0131radan bir i\u015flem olarak kabul ediliyor. Sa\u00e7lar\u0131 d\u00f6k\u00fclm\u00fc\u015f bir m\u00fchendisin g\u00fcr sa\u00e7lara kavu\u015fmas\u0131, s\u0131radan erkeklerin utanmadan bu i\u015flem hakk\u0131nda soru sormas\u0131n\u0131 kolayla\u015ft\u0131rd\u0131 ve her \u00fcnl\u00fc kar\u015f\u0131la\u015ft\u0131rmas\u0131n\u0131n viral hale gelmesinden sonra kliniklere gelen sorular\u0131n art\u0131\u015f\u0131 da tam olarak bu de\u011fi\u015fimi yans\u0131t\u0131yor.<\/p>\n\n\n\n<h2 class=\"wp-block-heading\">Elon Musk&#039;\u0131n sa\u00e7 ekimi gibi sonu\u00e7lar elde edebilir misiniz?<\/h2>\n\n\n\n<h3 class=\"wp-block-heading\">Kimler \u0130yi Bir Aday Olur?<\/h3>\n\n\n\n<ul class=\"wp-block-list\">\n<li>\u0130deal olarak yirmili ya\u015flar\u0131n ortalar\u0131ndan sonra, ani veya d\u00fczensiz d\u00f6k\u00fclme yerine, istikrarl\u0131 ve yerle\u015fik bir t\u00fcy d\u00f6kme s\u00fcreci.<\/li>\n\n\n\n<li>S\u0131rt ve yanlarda iyi yo\u011funluk ve \u00e7apa sahip sa\u011fl\u0131kl\u0131 bir don\u00f6r b\u00f6lgesi.<\/li>\n\n\n\n<li>Sa\u00e7 \u00e7izgisinde gerileme, tepe b\u00f6lgesinde incelme veya kamufle etmek istedi\u011finiz bir yara izi veya bo\u015fluk.<\/li>\n\n\n\n<li>Genel sa\u011fl\u0131k durumunun iyi olmas\u0131, ancak tiroid, demir veya otoimm\u00fcn sorunlar varsa \u00f6ncelikle ara\u015ft\u0131r\u0131lmas\u0131 gerekmektedir.<\/li>\n\n\n\n<li>Ger\u00e7ek\u00e7i beklentiler: sa\u00e7 ekimi sa\u00e7\u0131n da\u011f\u0131l\u0131m\u0131n\u0131 de\u011fi\u015ftirir, yeni sa\u00e7 yaratmaz.<\/li>\n<\/ul>\n\n\n\n<h3 class=\"wp-block-heading\">Sonucun Sonras\u0131nda Korunmas\u0131<\/h3>\n\n\n\n<p class=\"wp-block-paragraph\">Sa\u00e7 ekimi kal\u0131c\u0131d\u0131r, ancak \u00e7evresindeki sa\u00e7lar da d\u00f6k\u00fclmeye kar\u015f\u0131 ba\u011f\u0131\u015f\u0131k de\u011fildir. Uzun vadeli sonu\u00e7lar, uygun durumlarda t\u0131bbi tedavi ile do\u011fal sa\u00e7lar\u0131 korumaya, kafa derisini sa\u011fl\u0131kl\u0131 tutmaya, ilk aylarda sert kimyasal i\u015flemlerden ka\u00e7\u0131nmaya ve yeni incelmeler belirgin hale gelmeden \u00f6nce tespit edilebilmesi i\u00e7in d\u00fczenli kontrole gelmeye ba\u011fl\u0131d\u0131r.<\/p>\n\n\n\n<h3 class=\"wp-block-heading\">\u0130stanbul&#039;daki Vivid Klini\u011finde Sa\u00e7 Ekimi<\/h3>\n\n\n\n<p class=\"wp-block-paragraph\">\u015eu anda <a href=\"https:\/\/vividclinic.net\/tr\/\">Vivid Klinik<\/a> \u0130stanbul&#039;da, cerrah\u0131n y\u00f6nlendirmesiyle planlama yap\u0131larak, g\u00fcnde belirli say\u0131da vaka ile ve ilgili cerrahi standartlara uygun olarak FUE ve DHI sa\u00e7 ekimi uygulamalar\u0131 ger\u00e7ekle\u015ftiriyoruz. <a href=\"https:\/\/ishrs.org\/\" target=\"_blank\" rel=\"noopener nofollow\">Uluslararas\u0131 Sa\u00e7 Restorasyon Cerrahisi Derne\u011fi<\/a>, Ve eve d\u00f6nd\u00fckten sonra da devam eden bak\u0131m s\u00fcreci. E\u011fer Elon Musk&#039;\u0131n sa\u00e7 ekimi sonucu sizin i\u00e7in \u00f6l\u00e7\u00fctse, d\u00fcr\u00fcst cevap don\u00f6r b\u00f6lgenize ba\u011fl\u0131d\u0131r. Her vaka, don\u00f6r b\u00f6lgenizin de\u011ferlendirilmesi ve herhangi bir anla\u015fmaya var\u0131lmadan \u00f6nce g\u00f6rece\u011finiz bir greft plan\u0131 ile ba\u015flar. Sa\u00e7 \u00e7izginizin, tepe b\u00f6lgenizin ve don\u00f6r b\u00f6lgenizin birka\u00e7 net foto\u011fraf\u0131n\u0131 \u00fccretsiz de\u011ferlendirme i\u00e7in bize g\u00f6nderin, size d\u00fcr\u00fcst\u00e7e neyin m\u00fcmk\u00fcn oldu\u011funu, ameliyat\u0131n hen\u00fcz do\u011fru cevap olup olmad\u0131\u011f\u0131n\u0131 da dahil olmak \u00fczere s\u00f6yleyece\u011fiz. Ayr\u0131ca, a\u015fa\u011f\u0131daki se\u00e7enekler aras\u0131nda se\u00e7im yapma hakk\u0131nda daha fazla bilgi edinebilirsiniz. <a href=\"https:\/\/vividclinic.net\/tr\/best-cosmetic-surgery-clinics-in-istanbul\/\">\u0130stanbul&#039;daki klinikler<\/a>.<\/p>\n\n\n\n<h2 class=\"wp-block-heading\">S\u0131k\u00e7a Sorulan Sorular<\/h2>\n\n\n<div id=\"rank-math-faq\" class=\"rank-math-block\">\n<div class=\"rank-math-list\">\n<div id=\"faq-question-rev0-ms7uvjg0\" class=\"rank-math-list-item\">\n<h3 class=\"rank-math-question\">Elon Musk sa\u00e7 ekimi yapt\u0131rd\u0131 m\u0131?<\/h3>\n<div class=\"rank-math-answer\">\n\n<p>Musk bunu hi\u00e7bir zaman kamuoyuna a\u00e7\u0131k\u00e7a do\u011frulamad\u0131, ancak \u00f6ncesi ve sonras\u0131 foto\u011fraflar\u0131n\u0131 kar\u015f\u0131la\u015ft\u0131ran sa\u00e7 restorasyon cerrahlar\u0131, de\u011fi\u015fimin neredeyse kesinlikle cerrahi m\u00fcdahale sonucu oldu\u011funu kabul ediyor. Bu dereceye kadar geriye \u00e7ekilmi\u015f bir sa\u00e7 \u00e7izgisi kendili\u011finden yeniden \u00e7\u0131kmaz.<\/p>\n\n<\/div>\n<\/div>\n<div id=\"faq-question-rev1-ms7uvjg0\" class=\"rank-math-list-item\">\n<h3 class=\"rank-math-question\">Elon Musk sa\u00e7 ekimini nerede yapt\u0131rd\u0131?<\/h3>\n<div class=\"rank-math-answer\">\n\n<p>Hi\u00e7bir klinik g\u00fcvenilir bir \u015fekilde belgelenmemi\u015ftir. Sa\u00e7lar\u0131n\u0131n g\u00f6zle g\u00f6r\u00fcl\u00fcr \u015fekilde iyile\u015fti\u011fi d\u00f6nemde Kaliforniya&#039;da ikamet etti\u011fi i\u00e7in, i\u015flemin Amerika Birle\u015fik Devletleri&#039;nde yap\u0131ld\u0131\u011f\u0131 makul bir varsay\u0131md\u0131r, ancak bu hi\u00e7bir zaman do\u011frulanmam\u0131\u015ft\u0131r.<\/p>\n\n<\/div>\n<\/div>\n<div id=\"faq-question-rev2-ms7uvjg0\" class=\"rank-math-list-item\">\n<h3 class=\"rank-math-question\">Elon Musk&#039;\u0131n sa\u00e7 ekimini kim yapt\u0131?<\/h3>\n<div class=\"rank-math-answer\">\n\n<p>Hi\u00e7bir cerrah\u0131n ad\u0131 kamuoyuna a\u00e7\u0131klanmad\u0131. Sayg\u0131n klinikler, hastalar\u0131n\u0131n izni olmadan isimlerini a\u00e7\u0131klamazlar; bu nedenle, bu ba\u015far\u0131y\u0131 sahiplenen herhangi bir uygulamaya \u015f\u00fcpheyle yakla\u015f\u0131lmal\u0131d\u0131r.<\/p>\n\n<\/div>\n<\/div>\n<div id=\"faq-question-rev3-ms7uvjg0\" class=\"rank-math-list-item\">\n<h3 class=\"rank-math-question\">Elon Musk sa\u00e7 ekimi yapt\u0131rd\u0131 m\u0131?<\/h3>\n<div class=\"rank-math-answer\">\n\n<p>Hay\u0131r. Sa\u00e7 ekimi, g\u00f6r\u00fcn\u00fcr topaklar b\u0131rakan, art\u0131k kullan\u0131lmayan bir punch-greft tekni\u011fini tan\u0131mlar. Onun sonucu, modern folik\u00fcler \u00fcnite greftlemesinin kayna\u015fm\u0131\u015f, do\u011fal g\u00f6r\u00fcn\u00fcm\u00fcn\u00fc g\u00f6stermektedir.<\/p>\n\n<\/div>\n<\/div>\n<div id=\"faq-question-rev4-ms7uvjg0\" class=\"rank-math-list-item\">\n<h3 class=\"rank-math-question\">Elon Musk bir r\u00f6portajda sa\u00e7 ekimi yapt\u0131rd\u0131\u011f\u0131n\u0131 do\u011frulad\u0131 m\u0131?<\/h3>\n<div class=\"rank-math-answer\">\n\n<p>Bunu do\u011frulayan, ger\u00e7ek bir birincil kaynak r\u00f6portaj\u0131 bulunmamaktad\u0131r. Rolling Stone&#039;da yer ald\u0131\u011f\u0131 iddia edilen bir itiraf da dahil olmak \u00fczere internette dola\u015fan al\u0131nt\u0131lar, orijinal bir transkriptten ziyade ikincil sitelere dayanmaktad\u0131r.<\/p>\n\n<\/div>\n<\/div>\n<div id=\"faq-question-rev5-ms7uvjg0\" class=\"rank-math-list-item\">\n<h3 class=\"rank-math-question\">Elon Musk hangi tip sa\u00e7 ekimi yapt\u0131rd\u0131?<\/h3>\n<div class=\"rank-math-answer\">\n\n<p>\u00c7o\u011fu uzman folik\u00fcler \u00fcnite greftleme y\u00f6ntemini i\u015faret ediyor. D\u00f6n\u00fc\u015f\u00fcm\u00fcn\u00fcn ger\u00e7ekle\u015fti\u011fi d\u00f6neme bak\u0131ld\u0131\u011f\u0131nda FUT \u015ferit prosed\u00fcr\u00fc m\u00fcmk\u00fcnken, daha sonraki foto\u011fraflardaki incelik FUE ile tutarl\u0131 g\u00f6r\u00fcn\u00fcyor.<\/p>\n\n<\/div>\n<\/div>\n<div id=\"faq-question-rev6-ms7uvjg0\" class=\"rank-math-list-item\">\n<h3 class=\"rank-math-question\">Elon Musk sa\u00e7lar\u0131n\u0131 nas\u0131l geri kazand\u0131?<\/h3>\n<div class=\"rank-math-answer\">\n\n<p>Sa\u00e7lar\u0131n yeniden uzamas\u0131 yerine yeniden da\u011f\u0131t\u0131lmas\u0131 yoluyla. Kafa derisinin arka ve yan k\u0131s\u0131mlar\u0131ndaki sa\u00e7lar genetik olarak DHT&#039;ye diren\u00e7lidir, bu nedenle sa\u00e7 \u00e7izgisine ve tepeye ta\u015f\u0131nd\u0131ktan sonra kal\u0131c\u0131 olarak uzamaya devam eder.<\/p>\n\n<\/div>\n<\/div>\n<div id=\"faq-question-rev7-ms7uvjg0\" class=\"rank-math-list-item\">\n<h3 class=\"rank-math-question\">Elon Musk kel miydi?<\/h3>\n<div class=\"rank-math-answer\">\n\n<p>Tamamen kel de\u011fil, sa\u00e7 d\u00f6k\u00fclmesi ya\u015f\u0131yordu. 2000 y\u0131l\u0131 civar\u0131ndaki foto\u011fraflar, g\u00f6zlemcilerin kabaca Norwood 3 ila 4 tipi erkek tipi sa\u00e7 d\u00f6k\u00fclmesi olarak tan\u0131mlad\u0131\u011f\u0131, \u015fakaklarda gerileme ve tepe b\u00f6lgesinde incelme g\u00f6steren bir durumu ortaya koyuyor.<\/p>\n\n<\/div>\n<\/div>\n<div id=\"faq-question-rev8-ms7uvjg0\" class=\"rank-math-list-item\">\n<h3 class=\"rank-math-question\">Elon Musk Propecia m\u0131 yoksa finasterid mi kulland\u0131?<\/h3>\n<div class=\"rank-math-answer\">\n\n<p>Bu ila\u00e7lardan herhangi birini kulland\u0131\u011f\u0131na dair bir teyit yok. Finasterid ve minoksidil, t\u0131bbi olarak kabul g\u00f6rm\u00fc\u015f iki tedavi y\u00f6ntemidir ve genellikle ameliyatla birlikte re\u00e7ete edilir, ancak bunlar doktorun verece\u011fi re\u00e7ete d\u00fczeyinde kararlard\u0131r.<\/p>\n\n<\/div>\n<\/div>\n<div id=\"faq-question-rev9-ms7uvjg0\" class=\"rank-math-list-item\">\n<h3 class=\"rank-math-question\">Elon Musk&#039;\u0131n sa\u00e7 ekimi bug\u00fcn ne kadar tutard\u0131?<\/h3>\n<div class=\"rank-math-answer\">\n\n<p>Benzer bir 2.500 ila 4.000 ki\u015filik yolsuzluk davas\u0131n\u0131n maliyeti, Amerika Birle\u015fik Devletleri veya Birle\u015fik Krall\u0131k&#039;ta yakla\u015f\u0131k 8.000 ila 25.000 ABD dolar\u0131, \u0130stanbul&#039;da ise genellikle her \u015fey dahil bir paket olarak 2.000 ila 6.000 ABD dolar\u0131 civar\u0131ndad\u0131r.<\/p>\n\n<\/div>\n<\/div>\n<div id=\"faq-question-rev10-ms7uvjg0\" class=\"rank-math-list-item\">\n<h3 class=\"rank-math-question\">Sa\u00e7 ekimi sonu\u00e7lar\u0131n\u0131 g\u00f6rmek ne kadar s\u00fcrer?<\/h3>\n<div class=\"rank-math-answer\">\n\n<p>Yeni b\u00fcy\u00fcme \u00fc\u00e7 ila d\u00f6rt ay i\u00e7inde ba\u015flar, sonucun yakla\u015f\u0131k \u00fc\u00e7te ikisi alt\u0131 ila dokuz ay i\u00e7inde g\u00f6r\u00fcn\u00fcr hale gelir ve tam yo\u011funlu\u011fa on iki ila on sekiz ay i\u00e7inde ula\u015f\u0131l\u0131r.<\/p>\n\n<\/div>\n<\/div>\n<div id=\"faq-question-rev11-ms7uvjg0\" class=\"rank-math-list-item\">\n<h3 class=\"rank-math-question\">Sa\u00e7 ekimi uzun vadede nas\u0131l korunur?<\/h3>\n<div class=\"rank-math-answer\">\n\n<p>Nakledilen sa\u00e7lar kal\u0131c\u0131d\u0131r, ancak \u00e7evredeki do\u011fal sa\u00e7lar incelmeye devam edebilir. Uzun vadeli sonu\u00e7lar, gerekti\u011finde t\u0131bbi bak\u0131ma, kafa derisi bak\u0131m\u0131na ve cerrah\u0131n\u0131zla periyodik kontrollere ba\u011fl\u0131d\u0131r.<\/p>\n\n<\/div>\n<\/div>\n<\/div>\n<\/div>\n\n\n<p class=\"wp-block-paragraph\"><em>Bu makale, Vivid Clinic t\u0131p ekibi taraf\u0131ndan son olarak g\u00f6zden ge\u00e7irilmi\u015ftir. Makale yaln\u0131zca kamuya a\u00e7\u0131k foto\u011fraflar\u0131 ve genel t\u0131bbi bilgileri ele almaktad\u0131r. Elon Musk, Vivid Clinic hastas\u0131 de\u011fildir ve herhangi bir prosed\u00fcr\u00fc onaylamam\u0131\u015ft\u0131r. Burada yer alan hi\u00e7bir \u015fey te\u015fhis veya kons\u00fcltasyonun yerine ge\u00e7mez.<\/em><\/p>","protected":false},"excerpt":{"rendered":"<p>Few celebrity hair transformations are debated as often as this one. Photographs of the Tesla and SpaceX founder from his Zip2 and PayPal years show a high, receding hairline and a visibly thinning crown. Today he has a low, dense, natural-looking hairline. So did Elon Musk have a hair transplant? Hair restoration surgeons who compare [&hellip;]<\/p>\n","protected":false},"author":1,"featured_media":14808,"comment_status":"closed","ping_status":"closed","sticky":false,"template":"","format":"standard","meta":{"footnotes":""},"categories":[80,70,78],"tags":[166,165,181,179,83,94,180,89,106,134],"class_list":["post-14801","post","type-post","status-publish","format-standard","has-post-thumbnail","hentry","category-aftercare-and-recovery","category-hair-restoration","category-patient-stories","tag-celebrity-hair-transplants","tag-celebrity-hair-transplants-before-and-after","tag-elon-musk-hair-restoration","tag-elon-musk-hair-transplant","tag-fue-hair-transplant","tag-fue-vs-fut","tag-hair-transplant-process","tag-hair-transplant-recovery","tag-hairline-restoration","tag-vivid-clinic"],"featured_image_src":{"landsacpe":["https:\/\/vividclinic.net\/wp-content\/uploads\/2024\/09\/The-Hair-Transplant-Process-Elon-Musk-Went-Through-kapak.jpg",430,330,false],"list":["https:\/\/vividclinic.net\/wp-content\/uploads\/2024\/09\/The-Hair-Transplant-Process-Elon-Musk-Went-Through-kapak.jpg",430,330,false],"medium":["https:\/\/vividclinic.net\/wp-content\/uploads\/2024\/09\/The-Hair-Transplant-Process-Elon-Musk-Went-Through-kapak-300x230.jpg",300,230,true],"full":["https:\/\/vividclinic.net\/wp-content\/uploads\/2024\/09\/The-Hair-Transplant-Process-Elon-Musk-Went-Through-kapak.jpg",430,330,false]},"_links":{"self":[{"href":"https:\/\/vividclinic.net\/tr\/wp-json\/wp\/v2\/posts\/14801","targetHints":{"allow":["GET"]}}],"collection":[{"href":"https:\/\/vividclinic.net\/tr\/wp-json\/wp\/v2\/posts"}],"about":[{"href":"https:\/\/vividclinic.net\/tr\/wp-json\/wp\/v2\/types\/post"}],"author":[{"embeddable":true,"href":"https:\/\/vividclinic.net\/tr\/wp-json\/wp\/v2\/users\/1"}],"replies":[{"embeddable":true,"href":"https:\/\/vividclinic.net\/tr\/wp-json\/wp\/v2\/comments?post=14801"}],"version-history":[{"count":20,"href":"https:\/\/vividclinic.net\/tr\/wp-json\/wp\/v2\/posts\/14801\/revisions"}],"predecessor-version":[{"id":36702,"href":"https:\/\/vividclinic.net\/tr\/wp-json\/wp\/v2\/posts\/14801\/revisions\/36702"}],"wp:featuredmedia":[{"embeddable":true,"href":"https:\/\/vividclinic.net\/tr\/wp-json\/wp\/v2\/media\/14808"}],"wp:attachment":[{"href":"https:\/\/vividclinic.net\/tr\/wp-json\/wp\/v2\/media?parent=14801"}],"wp:term":[{"taxonomy":"category","embeddable":true,"href":"https:\/\/vividclinic.net\/tr\/wp-json\/wp\/v2\/categories?post=14801"},{"taxonomy":"post_tag","embeddable":true,"href":"https:\/\/vividclinic.net\/tr\/wp-json\/wp\/v2\/tags?post=14801"}],"curies":[{"name":"wp","href":"https:\/\/api.w.org\/{rel}","templated":true}]}}