{"id":26660,"date":"2025-02-23T22:32:28","date_gmt":"2025-02-23T19:32:28","guid":{"rendered":"https:\/\/vividclinic.net\/?p=26660"},"modified":"2026-08-19T12:47:30","modified_gmt":"2026-08-19T09:47:30","slug":"hanging-belly-after-a-c-section","status":"publish","type":"post","link":"https:\/\/vividclinic.net\/tr\/hanging-belly-after-a-c-section\/","title":{"rendered":"Sezaryen Sonras\u0131 Sark\u0131k Kar\u0131n: Ondan Nas\u0131l Kurtulabilirsiniz (9 Kan\u0131tlanm\u0131\u015f \u00c7\u00f6z\u00fcm)"},"content":{"rendered":"<p class=\"wp-block-paragraph\">A <strong>sezaryen sonras\u0131 sark\u0131k g\u00f6bek<\/strong> Sezaryen kesi\u011finizin \u00fczerinde olu\u015fan ve ne kadar dikkatli beslenirseniz beslenin d\u00fczle\u015fmeyi reddeden yumu\u015fak deri ve ya\u011f k\u0131vr\u0131m\u0131d\u0131r. Anneler bunu bir\u00e7ok \u015fekilde tan\u0131mlar: sezaryen \u00e7\u0131k\u0131nt\u0131s\u0131, kar\u0131n sarkmas\u0131, \u00f6nl\u00fck g\u00f6be\u011fi, mumya g\u00f6be\u011fi, sark\u0131k mide veya sadece sarkan bir g\u00f6bek. Do\u011fum sonras\u0131 en yayg\u0131n v\u00fccut de\u011fi\u015fikliklerinden biridir ve en az konu\u015fulanlardan biridir.<\/p>\n\n\n\n<p class=\"wp-block-paragraph\">\u0130yi haber \u015fu: Sezaryen sonras\u0131 sark\u0131k kar\u0131n nadiren kal\u0131c\u0131d\u0131r ve neredeyse her zaman d\u00fczeltilebilir. Bu k\u0131lavuz, karn\u0131n neden sarkt\u0131\u011f\u0131n\u0131, evde neleri d\u00fczeltebilece\u011finizi, nelerin klinik tedavi gerektirdi\u011fini ve her se\u00e7ene\u011fin ger\u00e7ek\u00e7i olarak ne kadar s\u00fcrd\u00fc\u011f\u00fcn\u00fc a\u00e7\u0131kl\u0131yor.<\/p>\n\n\n\n\n<p>\u0130lgili k\u0131lavuz: Sezaryen sonras\u0131 olu\u015fan sarkma, do\u011fum sonras\u0131 genel de\u011fi\u015fikliklerin bir par\u00e7as\u0131ysa, bizim <a href=\"https:\/\/vividclinic.net\/tr\/resources\/post-pregnancy-body-sculpting-istanbul-mommy-makeover\/\">anne esteti\u011fi rehberi<\/a> Bu yaz\u0131, \u0130stanbul seyahatinde kar\u0131n germe, meme ameliyat\u0131 ve liposuction i\u015flemlerini birle\u015ftirmeyi ele al\u0131yor.<\/p>\n<h2 class=\"wp-block-heading\">Sezaryen Sonras\u0131 Sark\u0131k Kar\u0131n Nedir?<\/h2>\n\n\n\n<p class=\"wp-block-paragraph\">Sark\u0131k kar\u0131n (sark\u0131k mide, sark\u0131k g\u00f6bek veya sark\u0131k kar\u0131n olarak da adland\u0131r\u0131l\u0131r), kar\u0131n duvar\u0131na d\u00fcz bir \u015fekilde yap\u0131\u015fmayan gev\u015fek deri, gerilmi\u015f ba\u011f dokusu ve ya\u011fd\u0131r. Sezaryen do\u011fumdan sonra, yara izinin \u00fczerine do\u011fru \u00f6ne do\u011fru k\u0131vr\u0131lma e\u011filimindedir; bu nedenle bir\u00e7ok kad\u0131n sark\u0131k kar\u0131n i\u00e7in \u00e7\u00f6z\u00fcm arar. <em>sezaryen kar\u0131n sarkmas\u0131<\/em> veya <em>sezaryen sonras\u0131 mide sarkmas\u0131<\/em> Sadece gev\u015fek deriden ziyade.<\/p>\n\n\n\n<p class=\"wp-block-paragraph\">Genellikle \u00fc\u00e7 ayr\u0131 sorun birbiriyle \u00f6rt\u00fc\u015f\u00fcr ve bunlar\u0131 birbirinden ay\u0131rt etmek, \u00e7\u00f6z\u00fcme ula\u015fman\u0131n anahtar\u0131d\u0131r:<\/p>\n\n\n\n<ul class=\"wp-block-list\">\n<li><strong>Gev\u015fek cilt:<\/strong> Cilt dokuz ay boyunca gerildi ve elastikiyetini kaybetti, bu nedenle eski haline d\u00f6nmek yerine sark\u0131yor.<\/li>\n\n\n\n<li><strong>Kas ayr\u0131lmas\u0131 (diastasis recti):<\/strong> Kar\u0131n kas\u0131n\u0131n iki yar\u0131s\u0131 birbirinden ayr\u0131ld\u0131\u011f\u0131 i\u00e7in kar\u0131n duvar\u0131 d\u0131\u015far\u0131 do\u011fru \u015fi\u015fkinle\u015fir.<\/li>\n\n\n\n<li><strong>Ya\u011f:<\/strong> Kas ve deri aras\u0131nda, bazen de i\u00e7 organlar\u0131 saran bir ya\u011f tabakas\u0131 bulunur ve bu da her \u015feyi a\u015fa\u011f\u0131 do\u011fru \u00e7eken bir a\u011f\u0131rl\u0131k olu\u015fturur.<\/li>\n<\/ul>\n\n\n\n<h3 class=\"wp-block-heading\">Sark\u0131k Kar\u0131n, Sezaryen Sonras\u0131 G\u00f6bek ve Kar\u0131n Sarkmas\u0131: Aralar\u0131ndaki Fark Nedir?<\/h3>\n\n\n\n<ul class=\"wp-block-list\">\n<li><strong>Sezaryenle do\u011fan k\u00f6pek:<\/strong> Yara izinin hemen \u00fczerinde, \u00e7o\u011funlukla yara dokusunun gerilmesi ve \u015fi\u015fmesi nedeniyle olu\u015fan k\u00fc\u00e7\u00fck bir \u00e7\u0131k\u0131nt\u0131.<\/li>\n\n\n\n<li><strong>Kar\u0131n b\u00f6lgesinde \u00e7\u0131k\u0131nt\u0131 veya raf:<\/strong> Yara yap\u0131\u015fmas\u0131 ve gev\u015fek deri nedeniyle kesi yerinin \u00fczerine sarkan belirgin bir k\u0131vr\u0131m.<\/li>\n\n\n\n<li><strong>Sark\u0131k g\u00f6bek veya \u00f6nl\u00fck gibi sark\u0131k g\u00f6bek:<\/strong> Kar\u0131n alt b\u00f6lgesinde veya kas\u0131k b\u00f6lgesinde a\u015fa\u011f\u0131 do\u011fru sarkan daha b\u00fcy\u00fck bir deri ve ya\u011f dokusu par\u00e7as\u0131.<\/li>\n<\/ul>\n\n\n\n<p class=\"wp-block-paragraph\">Sezaryen sonras\u0131 b\u00fcy\u00fck, hatta \u00e7ok b\u00fcy\u00fck bir sark\u0131k kar\u0131n, ba\u015far\u0131s\u0131zl\u0131\u011f\u0131n bir i\u015fareti de\u011fildir. Sarkma ne kadar b\u00fcy\u00fckse, as\u0131l etkenin ya\u011fdan ziyade deri fazlal\u0131\u011f\u0131 olma olas\u0131l\u0131\u011f\u0131 o kadar y\u00fcksektir ve deri fazlal\u0131\u011f\u0131, ya\u011fdan farkl\u0131 tedavilere yan\u0131t verir.<\/p>\n\n\n\n<figure class=\"wp-block-gallery has-nested-images columns-default is-cropped wp-block-gallery-1 is-layout-flex wp-block-gallery-is-layout-flex\">\n<figure class=\"wp-block-image size-large\"><img decoding=\"async\" width=\"1024\" height=\"1024\" data-id=\"26664\" src=\"https:\/\/vividclinic.net\/wp-content\/uploads\/2025\/02\/1-1024x1024.jpg\" alt=\"Sezaryen Sonras\u0131 Sarkan G\u00f6bek: Karn\u0131n\u0131z\u0131 S\u0131k\u0131la\u015ft\u0131rman\u0131n ve \u015eekillendirmenin 7 Kan\u0131tlanm\u0131\u015f Yolu\" class=\"wp-image-26664\" title=\"\" srcset=\"https:\/\/vividclinic.net\/wp-content\/uploads\/2025\/02\/1-1024x1024.jpg 1024w, https:\/\/vividclinic.net\/wp-content\/uploads\/2025\/02\/1-768x768.jpg 768w, https:\/\/vividclinic.net\/wp-content\/uploads\/2025\/02\/1-640x640.jpg 640w, https:\/\/vividclinic.net\/wp-content\/uploads\/2025\/02\/1-400x400.jpg 400w, https:\/\/vividclinic.net\/wp-content\/uploads\/2025\/02\/1-560x560.jpg 560w, https:\/\/vividclinic.net\/wp-content\/uploads\/2025\/02\/1-367x367.jpg 367w\" sizes=\"(max-width: 1024px) 100vw, 1024px\" \/><figcaption class=\"wp-element-caption\">Sezaryen Sonras\u0131 Sarkan G\u00f6bek: Karn\u0131n\u0131z\u0131 S\u0131k\u0131la\u015ft\u0131rman\u0131n ve \u015eekillendirmenin 7 Kan\u0131tlanm\u0131\u015f Yolu<\/figcaption><\/figure>\n<\/figure>\n\n\n\n<h2 class=\"wp-block-heading\">Sezaryen Do\u011fumdan Sonra Karn\u0131n\u0131z Neden Sarkar?<\/h2>\n\n\n\n<p class=\"wp-block-paragraph\">Sezaryen sonras\u0131 sark\u0131k kar\u0131n olu\u015fmas\u0131na \u00e7e\u015fitli fakt\u00f6rler neden olur. Hangi fakt\u00f6rlerin sizin i\u00e7in ge\u00e7erli oldu\u011funu belirlemek, hangi \u00e7\u00f6z\u00fcm\u00fcn ger\u00e7ekten i\u015fe yarayaca\u011f\u0131n\u0131 anlaman\u0131za yard\u0131mc\u0131 olur.<\/p>\n\n\n\n<h3 class=\"wp-block-heading\">1. Gerilmi\u015f Cilt ve Esneklik Kayb\u0131<\/h3>\n\n\n\n<ul class=\"wp-block-list\">\n<li>Gebelik s\u0131ras\u0131nda rahim a\u015f\u0131r\u0131 derecede geni\u015fler ve bu durum cildi, alt\u0131ndaki kolajen ve elastin liflerini kal\u0131c\u0131 olarak gerer.<\/li>\n\n\n\n<li>H\u0131zl\u0131 kilo al\u0131m\u0131, iri bebek, ikiz gebelik veya ikinci ve \u00fc\u00e7\u00fcnc\u00fc gebelikler, do\u011fumdan sonra cildin ne kadar geri \u00e7ekilebilece\u011fini azalt\u0131r.<\/li>\n\n\n\n<li>Genetik ve ya\u015f, cilt elastikiyetini \u00e7o\u011fu kad\u0131n\u0131n tahmin etti\u011finden daha fazla etkiler.<\/li>\n<\/ul>\n\n\n\n<h3 class=\"wp-block-heading\">2. Diastasis Recti (Kar\u0131n Kaslar\u0131n\u0131n Ayr\u0131lmas\u0131)<\/h3>\n\n\n\n<ul class=\"wp-block-list\">\n<li>Do\u011fumdan sekiz hafta sonra annelerin &#039;\u0131na kadar\u0131nda kar\u0131n kaslar\u0131nda h\u00e2l\u00e2 k\u0131smi ayr\u0131lma g\u00f6r\u00fclmektedir.<\/li>\n\n\n\n<li>Kar\u0131n orta hatt\u0131ndaki ba\u011f dokusu gev\u015fek kald\u0131\u011f\u0131nda, kar\u0131n \u00f6ne do\u011fru \u015fi\u015fer ve ne kadar ya\u011f kaybederseniz kaybedin d\u00fczle\u015fmez.<\/li>\n\n\n\n<li>Bu nedenle, sezaryen do\u011fumdan sonra zay\u0131f kad\u0131nlarda bile kar\u0131n sarkabilir.<\/li>\n<\/ul>\n\n\n\n<h3 class=\"wp-block-heading\">3. Sezaryen Yara \u0130zi Raf\u0131<\/h3>\n\n\n\n<ul class=\"wp-block-list\">\n<li>Sezaryen ameliyat\u0131 deri, ya\u011f, fasya ve kas katmanlar\u0131n\u0131 keser ve yara izi daha derin dokulara ba\u011flanarak iyile\u015fir.<\/li>\n\n\n\n<li>Bu ba\u011fl\u0131 \u00e7izgi bir kemer gibi davran\u0131r: \u00fczerindeki dokunun gidecek yeri olmad\u0131\u011f\u0131 i\u00e7in yara izinin \u00fczerine katlan\u0131r ve klasik sezaryen yara izi sarkmas\u0131n\u0131 olu\u015fturur.<\/li>\n\n\n\n<li>Ameliyat kesi\u011fi \u00e7evresindeki \u015fi\u015flik ve uyu\u015fma aylarca s\u00fcrebilir ve ameliyat b\u00f6lgesinin ger\u00e7ekte oldu\u011fundan daha k\u00f6t\u00fc g\u00f6r\u00fcnmesine neden olabilir.<\/li>\n<\/ul>\n\n\n\n<h3 class=\"wp-block-heading\">4. Hormonlar ve Kar\u0131n B\u00f6lgesinde Ya\u011f Depolanmas\u0131<\/h3>\n\n\n\n<ul class=\"wp-block-list\">\n<li>Do\u011fum sonras\u0131 \u00f6strojen ve progesteron seviyelerindeki de\u011fi\u015fim, kar\u0131n b\u00f6lgesinde ya\u011f depolanmas\u0131n\u0131 te\u015fvik eder.<\/li>\n\n\n\n<li>Kesintili uyku kortizol seviyesini y\u00fckseltir, bu da kar\u0131n b\u00f6lgesinde ya\u011flanmaya yol a\u00e7ar ve iyile\u015fmeyi yava\u015flat\u0131r.<\/li>\n\n\n\n<li>Emzirme d\u00f6neminde relaksin seviyesi aylarca y\u00fcksek kal\u0131r ve ba\u011f dokular\u0131n\u0131n daha yumu\u015fak olmas\u0131n\u0131 sa\u011flar.<\/li>\n<\/ul>\n\n\n\n<h3 class=\"wp-block-heading\">5. Ya\u015fam Tarz\u0131 ve \u0130yile\u015fme Fakt\u00f6rleri<\/h3>\n\n\n\n<ul class=\"wp-block-list\">\n<li>Ameliyat sonras\u0131 alt\u0131 ila sekiz haftal\u0131k zorunlu dinlenme, kar\u0131n kaslar\u0131n\u0131n derin kaslar\u0131n\u0131 zay\u0131flat\u0131r.<\/li>\n\n\n\n<li>K\u00f6t\u00fc duru\u015f, nefes tutma ve kald\u0131rma s\u0131ras\u0131nda a\u015fa\u011f\u0131 do\u011fru bask\u0131 uygulama kar\u0131n duvar\u0131n\u0131 d\u0131\u015far\u0131 do\u011fru iter.<\/li>\n\n\n\n<li>A\u015f\u0131r\u0131 i\u015flenmi\u015f g\u0131dalar ve \u015feker a\u00e7\u0131s\u0131ndan zengin bir diyet, kar\u0131n b\u00f6lgesindeki ya\u011f yak\u0131m\u0131n\u0131 \u00f6nemli \u00f6l\u00e7\u00fcde yava\u015flat\u0131r.<\/li>\n<\/ul>\n\n\n\n<h3 class=\"wp-block-heading\">Sezaryen Sonras\u0131 Sark\u0131k Kar\u0131n Normal midir?<\/h3>\n\n\n\n<p class=\"wp-block-paragraph\">Evet. Sezaryen sonras\u0131 sark\u0131k bir kar\u0131n, ilk \u00fc\u00e7 ila alt\u0131 ay boyunca normal bir iyile\u015fme evresidir ve bir\u00e7ok kad\u0131n \u00f6zel bir \u015fey yapmadan b\u00fcy\u00fck bir iyile\u015fme g\u00f6r\u00fcr. On iki ay sonra deri fazlal\u0131\u011f\u0131 veya kas ayr\u0131lmas\u0131 devam ederse, bu durum uzun vadeli bir sorun haline gelir, \u00e7\u00fcnk\u00fc bunlar\u0131n hi\u00e7biri sadece diyetle d\u00fczelmez.<\/p>\n\n\n\n<figure class=\"wp-block-image size-large is-resized\"><img decoding=\"async\" width=\"1200\" height=\"1200\" src=\"https:\/\/vividclinic.net\/wp-content\/uploads\/2025\/02\/4-1024x1024.jpg\" alt=\"Sezaryen sonras\u0131 sark\u0131k kar\u0131n, sezaryen izinin \u00fczerinde gev\u015fek deri ve kar\u0131n sarkmas\u0131n\u0131 g\u00f6stermektedir.\" class=\"wp-image-26670\" style=\"width:1140px;height:auto\" title=\"\" srcset=\"https:\/\/vividclinic.net\/wp-content\/uploads\/2025\/02\/4-1024x1024.jpg 1024w, https:\/\/vividclinic.net\/wp-content\/uploads\/2025\/02\/4-768x768.jpg 768w, https:\/\/vividclinic.net\/wp-content\/uploads\/2025\/02\/4-640x640.jpg 640w, https:\/\/vividclinic.net\/wp-content\/uploads\/2025\/02\/4-400x400.jpg 400w, https:\/\/vividclinic.net\/wp-content\/uploads\/2025\/02\/4-560x560.jpg 560w, https:\/\/vividclinic.net\/wp-content\/uploads\/2025\/02\/4-367x367.jpg 367w, https:\/\/vividclinic.net\/wp-content\/uploads\/2025\/02\/4.jpg 1200w\" sizes=\"(max-width: 1200px) 100vw, 1200px\" \/><figcaption class=\"wp-element-caption\">Sezaryen Sonras\u0131 Sarkan G\u00f6bek: Karn\u0131n\u0131z\u0131 S\u0131k\u0131la\u015ft\u0131rman\u0131n ve \u015eekillendirmenin 7 Kan\u0131tlanm\u0131\u015f Yolu<\/figcaption><\/figure>\n\n\n\n<h2 class=\"wp-block-heading\">Sezaryen Sonras\u0131 Sark\u0131k Kar\u0131ndan Kurtulman\u0131n 9 Kan\u0131tlanm\u0131\u015f Y\u00f6ntemi<\/h2>\n\n\n\n<p class=\"wp-block-paragraph\">Sark\u0131k kar\u0131n i\u00e7in tek bir \u00e7\u00f6z\u00fcm yok, \u00e7\u00fcnk\u00fc \u00fc\u00e7 farkl\u0131 nedeni olabilir. \u00d6ncelikle konservatif se\u00e7enekleri deneyin, ard\u0131ndan geriye kalanlar i\u00e7in klinik tedaviyi d\u00fc\u015f\u00fcn\u00fcn. Sezaryen sonras\u0131 egzersize veya tedaviye ba\u015flamadan \u00f6nce mutlaka doktorunuzdan onay al\u0131n.<\/p>\n\n\n\n<h3 class=\"wp-block-heading\">1. Her \u015eeyden \u00d6nce Temel Rehabilitasyon<\/h3>\n\n\n\n<p class=\"wp-block-paragraph\">Derin \u00e7ekirdek ba\u011flant\u0131s\u0131n\u0131n yeniden kurulmas\u0131, di\u011fer t\u00fcm sonu\u00e7lar\u0131n temelidir. Doktorunuz kesi yerinin iyile\u015fti\u011fini onaylad\u0131ktan sonra, genellikle alt\u0131 ila sekiz hafta sonra, i\u015fleme ba\u015flay\u0131n.<\/p>\n\n\n\n<ul class=\"wp-block-list\">\n<li><strong>Diyafragmatik solunum:<\/strong> Alt kar\u0131n b\u00f6lgenizi yava\u015f\u00e7a i\u00e7eri \u00e7ekerken nefes verin. G\u00fcnde birka\u00e7 kez on nefes tekrarlay\u0131n.<\/li>\n\n\n\n<li><strong>Pelvis e\u011fimleri ve topuk kayd\u0131rmalar\u0131:<\/strong> Kar\u0131n orta hatt\u0131na y\u00fck bindirmeden alt kar\u0131n kaslar\u0131n\u0131 harekete ge\u00e7irin.<\/li>\n\n\n\n<li><strong>Kal\u00e7a k\u00f6pr\u00fcs\u00fc:<\/strong> Pelvis pozisyonunu d\u00fczeltir, bu da kar\u0131n \u00e7\u0131k\u0131nt\u0131s\u0131n\u0131 g\u00f6zle g\u00f6r\u00fcl\u00fcr \u015fekilde azalt\u0131r.<\/li>\n\n\n\n<li><strong>De\u011fi\u015ftirilmi\u015f tahtalar ve yan tahtalar:<\/strong> Bunlar\u0131 ancak orta \u00e7izgiyi d\u00fcz tutabildi\u011finizde ekleyin.<\/li>\n\n\n\n<li><strong>Do\u011fum sonras\u0131 Pilates veya yoga:<\/strong> Nefes alma, duru\u015f ve kademeli y\u00fcklenme i\u00e7in m\u00fckemmel.<\/li>\n<\/ul>\n\n\n\n<p class=\"wp-block-paragraph\"><strong>Ka\u00e7\u0131nmak<\/strong> \u0130lk aylarda kar\u0131n egzersizleri, mekik ve tam plank hareketleri yapmaktan ka\u00e7\u0131n\u0131n. Bunlar, ayr\u0131lm\u0131\u015f orta hatta bask\u0131y\u0131 art\u0131r\u0131r ve \u00e7\u0131k\u0131nt\u0131y\u0131 daha da k\u00f6t\u00fcle\u015ftirebilir. G\u00f6bek deli\u011finin \u00fcst\u00fcnde veya alt\u0131nda iki parmaktan daha geni\u015f bir bo\u015fluk hissediyorsan\u0131z, bir pelvik sa\u011fl\u0131k fizyoterapistine g\u00f6r\u00fcnmelisiniz.<\/p>\n\n\n\n<h3 class=\"wp-block-heading\">2. Sezaryen Sonras\u0131 Sark\u0131k Kar\u0131n Ya\u011flar\u0131ndan Kurtulmak \u0130\u00e7in Beslenme<\/h3>\n\n\n\n<p class=\"wp-block-paragraph\">B\u00f6lgesel ya\u011f yak\u0131m\u0131 m\u00fcmk\u00fcn olmasa da, yeterli proteinle birlikte m\u00fctevaz\u0131 bir kalori a\u00e7\u0131\u011f\u0131, v\u00fccudu a\u015fa\u011f\u0131 \u00e7eken ya\u011f tabakas\u0131n\u0131 azalt\u0131r. Haftada yakla\u015f\u0131k 0,5 kg&#039;l\u0131k yava\u015f bir kilo kayb\u0131 hedefleyin ve e\u011fer sadece emziriyorsan\u0131z, doktorunuzun y\u00f6nlendirmesiyle daha fazla kilo verebilirsiniz.<\/p>\n\n\n\n<ul class=\"wp-block-list\">\n<li><strong>Her \u00f6\u011f\u00fcnde protein:<\/strong> Yumurta, tavuk, bal\u0131k, mercimek, Yunan yo\u011furdu ve tofu, ya\u011f kaybederken kaslar\u0131 korur.<\/li>\n\n\n\n<li><strong>Elyaf:<\/strong> Sebzeler, tam tah\u0131llar, baklagiller ve meyveler \u015fi\u015fkinli\u011fi azalt\u0131r ve tok kalman\u0131z\u0131 sa\u011flar.<\/li>\n\n\n\n<li><strong>Sa\u011fl\u0131kl\u0131 ya\u011flar:<\/strong> Zeytinya\u011f\u0131, avokado, kuruyemi\u015fler ve ya\u011fl\u0131 bal\u0131klar hormon dengesini ve cilt kalitesini destekler.<\/li>\n\n\n\n<li><strong>Kolajeni destekleyen besinler:<\/strong> C vitamini, \u00e7inko ve yeterli protein cilt yenilenmesine yard\u0131mc\u0131 olur.<\/li>\n\n\n\n<li><strong>Hidrasyon:<\/strong> G\u00fcnde iki ila \u00fc\u00e7 litre su i\u00e7mek, s\u0131v\u0131 tutulmas\u0131n\u0131 ve kab\u0131zl\u0131\u011f\u0131 azalt\u0131r; bu iki durum da \u015fi\u015fkinli\u011fi k\u00f6t\u00fcle\u015ftirir.<\/li>\n<\/ul>\n\n\n\n<h3 class=\"wp-block-heading\">3. Sezaryen Sonras\u0131 Evde Karn\u0131n\u0131z\u0131 Nas\u0131l S\u0131k\u0131la\u015ft\u0131rabilirsiniz?<\/h3>\n\n\n\n<p class=\"wp-block-paragraph\">Bu y\u00f6ntemler sarkm\u0131\u015f deriyi ortadan kald\u0131rmaz, ancak kar\u0131n b\u00f6lgesini g\u00f6zle g\u00f6r\u00fcl\u00fcr \u015fekilde s\u0131k\u0131la\u015ft\u0131r\u0131r ve \u00fccretsizdir.<\/p>\n\n\n\n<ul class=\"wp-block-list\">\n<li><strong>A\u015famal\u0131 kuvvet antrenman\u0131<\/strong> Haftada iki ila \u00fc\u00e7 kez, \u00e7\u00f6melme, k\u00fcrek \u00e7ekme ve a\u011f\u0131rl\u0131k ta\u015f\u0131ma hareketlerini i\u00e7eren egzersizler, kar\u0131n duvar\u0131n\u0131 destekleyen kas\u0131 geli\u015ftirir.<\/li>\n\n\n\n<li><strong>G\u00fcnl\u00fck y\u00fcr\u00fcy\u00fc\u015f<\/strong> Yirmi ila k\u0131rk dakika s\u00fcren bu i\u015flem, kesi b\u00f6lgesini zorlamadan kan dola\u015f\u0131m\u0131n\u0131 ve ya\u011f yak\u0131m\u0131n\u0131 iyile\u015ftirir.<\/li>\n\n\n\n<li><strong>Duru\u015f d\u00fczeltme:<\/strong> Kaburgalar\u0131n\u0131z\u0131 pelvisinizin \u00fczerine yerle\u015ftirmek, profili an\u0131nda d\u00fczle\u015ftirir ve bel b\u00f6lgesindeki y\u00fck\u00fc azalt\u0131r.<\/li>\n\n\n\n<li><strong>Nemlendirici ve nazik masaj<\/strong> S\u0131k\u0131la\u015ft\u0131r\u0131c\u0131 krem, cildin esnekli\u011fini korur ancak fazla ya\u011flar\u0131 \u00f6nemli \u00f6l\u00e7\u00fcde azaltamaz.<\/li>\n\n\n\n<li><strong>Uyku ve stres y\u00f6netimi:<\/strong> Do\u011fum sonras\u0131 kar\u0131n ya\u011flanmas\u0131nda en az \u00f6nemsenen fakt\u00f6r.<\/li>\n<\/ul>\n\n\n\n<h3 class=\"wp-block-heading\">4. Do\u011fum Sonras\u0131 Kar\u0131n Sarg\u0131lar\u0131 ve Kompresyon Giysileri<\/h3>\n\n\n\n<ul class=\"wp-block-list\">\n<li>Kompresyon, \u015fi\u015fli\u011fi azalt\u0131r, kesi yerini destekler ve ilk haftalarda rahatl\u0131\u011f\u0131 ve duru\u015fu iyile\u015ftirir.<\/li>\n\n\n\n<li>Nefes alabilen, ayarlanabilir bir kay\u0131\u015f se\u00e7in ve t\u00fcm g\u00fcn yerine birka\u00e7 saatli\u011fine tak\u0131n.<\/li>\n\n\n\n<li>Sarg\u0131, iyile\u015fmeyi destekler ancak cildi kal\u0131c\u0131 olarak s\u0131k\u0131la\u015ft\u0131rmaz veya kas ayr\u0131lmas\u0131n\u0131 kapatmaz.<\/li>\n<\/ul>\n\n\n\n<h3 class=\"wp-block-heading\">5. Yara Masaj\u0131 ve Lenfatik Drenaj<\/h3>\n\n\n\n<ul class=\"wp-block-list\">\n<li>Yara tamamen kapand\u0131ktan sonra, nazik yara mobilizasyonu, gerginli\u011fi azalt\u0131r ve kesi \u00fczerindeki \u00e7\u0131k\u0131nt\u0131y\u0131 yumu\u015fat\u0131r.<\/li>\n\n\n\n<li>Manuel lenf drenaj\u0131, kalan \u015fi\u015fli\u011fi azaltmaya yard\u0131mc\u0131 olur ve alt kar\u0131n b\u00f6lgesinin g\u00f6zle g\u00f6r\u00fcl\u00fcr \u015fekilde daha d\u00fcz g\u00f6r\u00fcnmesini sa\u011flayabilir.<\/li>\n\n\n\n<li>Ba\u015flamadan \u00f6nce doktorunuzdan veya fizyoterapistinizden tekni\u011fi size g\u00f6stermelerini isteyin.<\/li>\n<\/ul>\n\n\n\n<h3 class=\"wp-block-heading\">6. Ameliyats\u0131z Cilt S\u0131k\u0131la\u015ft\u0131rma<\/h3>\n\n\n\n<p class=\"wp-block-paragraph\">Ciltte hala bir miktar esneklik bulunan, hafif ila orta derecede sarkma durumlar\u0131nda en iyi sonucu verir; genellikle iyile\u015fme s\u00fcresi gerektirmeyen sonu\u00e7lar isteyen kad\u0131nlar i\u00e7in uygundur.<\/p>\n\n\n\n<ul class=\"wp-block-list\">\n<li><strong>Radyofrekans ile cilt s\u0131k\u0131la\u015ft\u0131rma:<\/strong> Derinin \u00fcst tabakas\u0131n\u0131 \u0131s\u0131tarak kolajen \u00fcretimini uyar\u0131r ve y\u00fczeyi kademeli olarak s\u0131k\u0131la\u015ft\u0131r\u0131r.<\/li>\n\n\n\n<li><strong>Mikro odakl\u0131 ultrason:<\/strong> Kald\u0131rma etkisi i\u00e7in daha derin destek katmanlar\u0131n\u0131 hedef al\u0131r.<\/li>\n\n\n\n<li><strong>Lazer ve RF ile mikroi\u011fneleme:<\/strong> Cilt dokusunu, \u00e7atlaklar\u0131 ve hafif sarkmalar\u0131 iyile\u015ftirir.<\/li>\n\n\n\n<li><strong>Beklemek<\/strong> Birka\u00e7 seans sonunda ila oran\u0131nda g\u00f6rme keskinli\u011finde iyile\u015fme sa\u011flan\u0131r, bu bir ameliyat sonucu de\u011fildir.<\/li>\n<\/ul>\n\n\n\n<h3 class=\"wp-block-heading\">7. \u0130nat\u00e7\u0131 Ya\u011flar \u0130\u00e7in Liposuction<\/h3>\n\n\n\n<ul class=\"wp-block-list\">\n<li>Cilt kalitesi hala iyi oldu\u011funda ve belirgin bir sarkma olmad\u0131\u011f\u0131nda b\u00f6lgesel ya\u011flar\u0131 giderir.<\/li>\n\n\n\n<li>Y\u00fcksek \u00e7\u00f6z\u00fcn\u00fcrl\u00fckl\u00fc veya VASER teknikleri de cilt zarlar\u0131n\u0131 hafif\u00e7e s\u0131k\u0131la\u015ft\u0131rabilir.<\/li>\n\n\n\n<li>As\u0131l sorun sark\u0131k bir deri k\u0131vr\u0131m\u0131ysa, tek ba\u015f\u0131na do\u011fru bir se\u00e7im de\u011fildir, \u00e7\u00fcnk\u00fc gev\u015fek derinin alt\u0131ndaki ya\u011f\u0131 almak sarkmay\u0131 daha da art\u0131rabilir.<\/li>\n<\/ul>\n\n\n\n<h3 class=\"wp-block-heading\">8. Sarkm\u0131\u015f Cilt ve Fazlal\u0131k \u0130\u00e7in Kar\u0131n Germe (Abdominoplasti)<\/h3>\n\n\n\n<p class=\"wp-block-paragraph\">Kar\u0131n germe ameliyat\u0131, sark\u0131k karn\u0131 g\u00fcvenilir bir \u015fekilde ortadan kald\u0131ran tek y\u00f6ntemdir ve sezaryen sonras\u0131 olu\u015fan sark\u0131k kar\u0131n sorununa kesin \u00e7\u00f6z\u00fcmd\u00fcr.<\/p>\n\n\n\n<ul class=\"wp-block-list\">\n<li>G\u00f6bek alt\u0131ndaki fazla deri ve ya\u011f al\u0131n\u0131r ve bu i\u015flem s\u0131ras\u0131nda genellikle eski sezaryen izi de \u00e7\u0131kar\u0131l\u0131r.<\/li>\n\n\n\n<li>Ayr\u0131lan kar\u0131n kaslar\u0131 dikilerek, egzersizle kapanamayan kar\u0131n kas\u0131 ayr\u0131lmas\u0131 (diastasis recti) d\u00fczeltilir.<\/li>\n\n\n\n<li>Mini kar\u0131n germe ameliyat\u0131, alt kar\u0131n b\u00f6lgesindeki k\u00fc\u00e7\u00fck k\u0131vr\u0131mlar i\u00e7in uygundur; tam veya geni\u015fletilmi\u015f kar\u0131n germe ameliyat\u0131 ise daha b\u00fcy\u00fck bir kar\u0131n alt\u0131 k\u0131vr\u0131m\u0131 i\u00e7in uygundur.<\/li>\n\n\n\n<li>Cerrahlar genellikle do\u011fumdan sonra en az alt\u0131 ila on iki ay beklemenizi ve \u00e7ocuk sahibi olmay\u0131 tamamlay\u0131p istikrarl\u0131 bir kiloya ula\u015fana kadar beklemenizi tavsiye ederler.<\/li>\n<\/ul>\n\n\n\n<h3 class=\"wp-block-heading\">9. Birden Fazla Sorun \u0130\u00e7in Anne Esteti\u011fi<\/h3>\n\n\n\n<ul class=\"wp-block-list\">\n<li>Kar\u0131n germe, liposuction ve istenirse meme ameliyat\u0131n\u0131 tek bir operasyonda ve tek bir iyile\u015fme s\u00fcrecinde birle\u015ftirir.<\/li>\n\n\n\n<li>Do\u011fum sonras\u0131 v\u00fccut hatlar\u0131n\u0131n tamam\u0131n\u0131 bir arada ele almak isteyen anneler i\u00e7in etkili bir \u00e7\u00f6z\u00fcm.<\/li>\n<\/ul>\n\n\n\n<p class=\"wp-block-paragraph\">\u0130stanbul&#039;daki Vivid Klini\u011fi&#039;nde cerrahlar\u0131m\u0131z cilt gev\u015fekli\u011fini, kas ayr\u0131lmas\u0131n\u0131 ve ya\u011f da\u011f\u0131l\u0131m\u0131n\u0131 ayr\u0131 ayr\u0131 de\u011ferlendirir ve ard\u0131ndan hedefinize ger\u00e7ek\u00e7i bir \u015fekilde ula\u015fman\u0131z\u0131 sa\u011flayacak en az invaziv se\u00e7ene\u011fi \u00f6nerirler.<\/p>\n\n\n\n<h2 class=\"wp-block-heading\">Sezaryen Sonras\u0131 Karn\u0131n\u0131z\u0131 D\u00fczle\u015ftirmenin Yollar\u0131: Ger\u00e7ek\u00e7i Bir Zaman \u00c7izelgesi<\/h2>\n\n\n\n<p class=\"wp-block-paragraph\">\u0130yile\u015fme a\u015famal\u0131d\u0131r ve bir a\u015famay\u0131 atlamaya \u00e7al\u0131\u015fmak, ilerlemenin durmas\u0131n\u0131n en yayg\u0131n nedenidir.<\/p>\n\n\n\n<ul class=\"wp-block-list\">\n<li><strong>0-6. Haftalar:<\/strong> Dinlenin, yava\u015f\u00e7a y\u00fcr\u00fcy\u00fcn, hafif kompresyon uygulay\u0131n, bebe\u011finizden daha a\u011f\u0131r hi\u00e7bir \u015fey kald\u0131rmaktan ka\u00e7\u0131n\u0131n. Kar\u0131n kas\u0131 egzersizi yapmay\u0131n.<\/li>\n\n\n\n<li><strong>6. ila 12. Haftalar:<\/strong> Doktor onay\u0131 al\u0131nd\u0131ktan sonra nefes egzersizlerine, pelvis e\u011fme hareketlerine ve y\u00fcr\u00fcy\u00fc\u015fe ba\u015flay\u0131n. Kesik kapand\u0131ktan sonra yara masaj\u0131na ba\u015flay\u0131n.<\/li>\n\n\n\n<li><strong>3 ila 6. Aylar:<\/strong> \u0130lerleyici g\u00fc\u00e7 antrenman\u0131 ve orta d\u00fczeyde kalori a\u00e7\u0131\u011f\u0131 ekleyin. \u015ei\u015fli\u011fin \u00e7o\u011fu ge\u00e7ti\u011fine g\u00f6re, sonunda ne kadar\u0131n\u0131n deri, ne kadar\u0131n\u0131n ya\u011f oldu\u011funu de\u011ferlendirebilirsiniz.<\/li>\n\n\n\n<li><strong>6 ila 12. Aylar:<\/strong> Cilt toparlanmas\u0131 b\u00fcy\u00fck \u00f6l\u00e7\u00fcde tamamlanm\u0131\u015ft\u0131r. E\u011fer bir k\u0131vr\u0131m veya \u00e7\u0131k\u0131nt\u0131 kalm\u0131\u015fsa, bu durumda cerrahi olmayan s\u0131k\u0131la\u015ft\u0131rma veya cerrahi kons\u00fcltasyon mant\u0131kl\u0131d\u0131r.<\/li>\n\n\n\n<li><strong>12 aydan sonra:<\/strong> Geriye kalan ne varsa, sadece diyet ve egzersizle de\u011fi\u015fmesi pek olas\u0131 de\u011fil.<\/li>\n<\/ul>\n\n\n\n<h2 class=\"wp-block-heading\">Sezaryen Sonras\u0131 Sark\u0131k, Gev\u015fek veya Gev\u015fek Kar\u0131n: Ger\u00e7ekten \u0130\u015fe Yarayan Y\u00f6ntemler<\/h2>\n\n\n\n<p class=\"wp-block-paragraph\">Sezaryen sonras\u0131 sark\u0131k kar\u0131n, gev\u015fek mide ve sarkan kar\u0131n k\u0131vr\u0131m\u0131 ayn\u0131 sorun de\u011fildir ve farkl\u0131 tedaviler gerektirir. Hangi kategoriye girdi\u011finizi belirlemek i\u00e7in bunu kullan\u0131n.<\/p>\n\n\n\n<ul class=\"wp-block-list\">\n<li><strong>Yumu\u015fak ve sark\u0131k, s\u0131k\u0131\u015ft\u0131r\u0131ld\u0131\u011f\u0131nda eski haline d\u00f6nen bir cilt:<\/strong> \u00c7o\u011funlukla ya\u011flanma ve kondisyon kayb\u0131ndan kaynaklan\u0131yor. Beslenme ve kuvvet antrenman\u0131 bunu \u00e7\u00f6zecektir.<\/li>\n\n\n\n<li><strong>Zay\u0131f ama \u00f6zellikle ak\u015famlar\u0131 g\u00f6be\u011fi hala d\u0131\u015far\u0131 do\u011fru \u00e7\u0131k\u0131k:<\/strong> B\u00fcy\u00fck olas\u0131l\u0131kla kar\u0131n kaslar\u0131nda ayr\u0131lma (diastasis recti). \u00d6nce kar\u0131n kas\u0131 rehabilitasyonu, e\u011fer aral\u0131k devam ederse cerrahi onar\u0131m.<\/li>\n\n\n\n<li><strong>Cilt k\u0131r\u0131\u015f\u0131r ve s\u0131k\u0131\u015ft\u0131r\u0131ld\u0131\u011f\u0131nda eski haline d\u00f6nmez:<\/strong> Ger\u00e7ek cilt sarkmas\u0131. Hafif vakalar i\u00e7in cerrahi olmayan s\u0131k\u0131la\u015ft\u0131rma, orta ve \u015fiddetli vakalar i\u00e7in kar\u0131n germe ameliyat\u0131.<\/li>\n\n\n\n<li><strong>Yara izinin \u00fczerine do\u011fru sarkan belirgin bir k\u0131vr\u0131m:<\/strong> Ger\u00e7ek bir \u00e7\u0131k\u0131nt\u0131. Sadece deri eksizyonu ile g\u00fcvenilir bir \u015fekilde ortadan kald\u0131r\u0131labilir.<\/li>\n\n\n\n<li><strong>Yukar\u0131dakilerin hepsi:<\/strong> Genellikle \u00f6nce ya\u015fam tarz\u0131 de\u011fi\u015fiklikleri, ard\u0131ndan cerrahi m\u00fcdahale i\u00e7eren kombine bir yakla\u015f\u0131m.<\/li>\n<\/ul>\n\n\n\n<h2 class=\"wp-block-heading\">Sezaryen Sonras\u0131 Kar\u0131n B\u00f6lgesinde Olu\u015fan Sarkma: Bu Sarkmay\u0131 Nas\u0131l Azaltabilirsiniz?<\/h2>\n\n\n\n<p class=\"wp-block-paragraph\">Sezaryen sonras\u0131 kar\u0131n sarkmas\u0131, esas olarak ya\u011f dokusundan de\u011fil, yara dokusunun gerilmesinden kaynakland\u0131\u011f\u0131 i\u00e7in ayr\u0131 bir cevab\u0131 hak ediyor.<\/p>\n\n\n\n<ul class=\"wp-block-list\">\n<li><strong>Yara izini yumu\u015fat\u0131n:<\/strong> Silikon tabakalar veya jel, ayr\u0131ca yakla\u015f\u0131k sekizinci haftadan itibaren yara izi masaj\u0131, yap\u0131\u015fmay\u0131 azalt\u0131r ve dokunun daha d\u00fcz durmas\u0131n\u0131 sa\u011flar.<\/li>\n\n\n\n<li><strong>\u00dczerindeki ya\u011f miktar\u0131n\u0131 azalt\u0131n:<\/strong> Birka\u00e7 kilogram bile a\u011f\u0131rl\u0131\u011f\u0131 hafifletir ve daha az sarkmas\u0131na neden olur.<\/li>\n\n\n\n<li><strong>Alt\u0131n\u0131 g\u00fc\u00e7lendirin:<\/strong> Daha g\u00fc\u00e7l\u00fc bir kar\u0131n duvar\u0131, t\u00fcm b\u00f6lgeyi i\u00e7eri do\u011fru \u00e7eker.<\/li>\n\n\n\n<li><strong>Katlama yerini kuru tutun:<\/strong> Sa\u00e7 k\u0131vr\u0131m\u0131n\u0131n alt\u0131ndaki cilt tahri\u015f olabilir, k\u0131zarabilir veya a\u011fr\u0131yabilir. K\u0131vr\u0131m b\u00f6lgesini her g\u00fcn y\u0131kay\u0131p kurulay\u0131n ve bariyer krem kullan\u0131n; kal\u0131c\u0131 k\u0131zar\u0131kl\u0131k, koku veya ciltte \u00e7atlak varsa doktora ba\u015fvurun.<\/li>\n\n\n\n<li><strong>Yara izi d\u00fczeltme veya kar\u0131n germe ameliyat\u0131n\u0131 d\u00fc\u015f\u00fcn\u00fcn:<\/strong> E\u011fer raf bir y\u0131l sonra hala yerindeyse, ba\u011fl\u0131 dokuyu serbest b\u0131rak\u0131p \u00e7\u0131karmak kesin \u00e7\u00f6z\u00fcmd\u00fcr.<\/li>\n<\/ul>\n\n\n\n<h2 class=\"wp-block-heading\">Yak\u0131n Zamanda Sezaryen Ge\u00e7irmemi\u015f Kad\u0131nlarda Sark\u0131k Kar\u0131n<\/h2>\n\n\n\n<p class=\"wp-block-paragraph\">Bir\u00e7ok kad\u0131n, yak\u0131n zamanda sezaryen ge\u00e7irmemi\u015f olsalar bile, sark\u0131k bir kar\u0131nla bu sayfaya ula\u015f\u0131yor ve prensipler ayn\u0131.<\/p>\n\n\n\n<ul class=\"wp-block-list\">\n<li><strong>Gebelik sonras\u0131 sark\u0131k kar\u0131n genellikle:<\/strong> Vajinal do\u011fumlar da cildi gerer ve kaslar\u0131 ay\u0131r\u0131r, bu nedenle ayn\u0131 a\u015famal\u0131 plan ge\u00e7erlidir.<\/li>\n\n\n\n<li><strong>Do\u011fum sonras\u0131 kar\u0131n sarkmas\u0131, y\u0131llar sonra:<\/strong> Cilt daha fazla geri \u00e7ekilmeyece\u011fi i\u00e7in tedavi ya cerrahi olmayan s\u0131k\u0131la\u015ft\u0131rma ya da cerrahi m\u00fcdahaledir.<\/li>\n\n\n\n<li><strong>\u00d6nemli miktarda kilo verdikten sonra:<\/strong> Geni\u015f bir deri sarkmas\u0131 yayg\u0131nd\u0131r ve genellikle kar\u0131n germe ameliyat\u0131 veya pannik\u00fclektomi gerektirir.<\/li>\n\n\n\n<li><strong>Kar\u0131n veya jinekolojik ameliyat sonras\u0131:<\/strong> Yara izi ba\u011flanmas\u0131 ve azalm\u0131\u015f kar\u0131n kas\u0131 aktivasyonu benzer bir k\u0131vr\u0131m olu\u015fturur; \u00f6nce fizyoterapi, sonra de\u011ferlendirme.<\/li>\n<\/ul>\n\n\n\n<h2 class=\"wp-block-heading\"><strong>\u00d6ncesi ve Sonras\u0131 Sonu\u00e7lar: Ne Beklemelisiniz?<\/strong><\/h2>\n\n\n\n<figure class=\"wp-block-gallery has-nested-images columns-default is-cropped wp-block-gallery-2 is-layout-flex wp-block-gallery-is-layout-flex\">\n<figure class=\"wp-block-image size-large\"><img decoding=\"async\" width=\"1024\" height=\"1024\" data-id=\"14674\" src=\"https:\/\/vividclinic.net\/wp-content\/uploads\/2024\/09\/7-1024x1024.jpg\" alt=\"\u0130stanbul&#039;da Kar\u0131n Germe Ameliyat\u0131 - Vivid Clinic Vivid Clinic&#039;te y\u00fcksek \u00e7\u00f6z\u00fcn\u00fcrl\u00fckl\u00fc liposuction ve kar\u0131n germe ameliyat\u0131 sonras\u0131 s\u0131k\u0131 bir kar\u0131n ve \u015fekilli bir bele sahip olman\u0131n ameliyat sonras\u0131 sonu\u00e7lar\u0131\" class=\"wp-image-14674\" title=\"\" srcset=\"https:\/\/vividclinic.net\/wp-content\/uploads\/2024\/09\/7-1024x1024.jpg 1024w, https:\/\/vividclinic.net\/wp-content\/uploads\/2024\/09\/7-768x768.jpg 768w, https:\/\/vividclinic.net\/wp-content\/uploads\/2024\/09\/7-640x640.jpg 640w, https:\/\/vividclinic.net\/wp-content\/uploads\/2024\/09\/7-400x400.jpg 400w, https:\/\/vividclinic.net\/wp-content\/uploads\/2024\/09\/7-560x560.jpg 560w, https:\/\/vividclinic.net\/wp-content\/uploads\/2024\/09\/7-367x367.jpg 367w\" sizes=\"(max-width: 1024px) 100vw, 1024px\" \/><figcaption class=\"wp-element-caption\">\u0130stanbul&#039;da Kar\u0131n Germe Ameliyat\u0131 \u2013 Vivid Clinic \u0130stanbul&#039;daki Vivid Clinic&#039;te y\u00fcksek \u00e7\u00f6z\u00fcn\u00fcrl\u00fckl\u00fc liposuction ve kar\u0131n germe ameliyat\u0131 ile \u015fekillendirilmi\u015f bir bel ve s\u0131k\u0131 bir kar\u0131na kavu\u015fun.<\/figcaption><\/figure>\n\n\n\n<figure class=\"wp-block-image size-large\"><img decoding=\"async\" width=\"1024\" height=\"1024\" data-id=\"14650\" src=\"https:\/\/vividclinic.net\/wp-content\/uploads\/2024\/09\/15-1024x1024.jpg\" alt=\"Vivid Clinic&#039;te yap\u0131lan anne esteti\u011fi ameliyat\u0131 sonras\u0131, implantlarla daha d\u00fcz bir kar\u0131n ve daha dik, kalk\u0131k g\u00f6\u011f\u00fcsler elde edildi\u011fi g\u00f6r\u00fcld\u00fc.\" class=\"wp-image-14650\" title=\"\" srcset=\"https:\/\/vividclinic.net\/wp-content\/uploads\/2024\/09\/15-1024x1024.jpg 1024w, https:\/\/vividclinic.net\/wp-content\/uploads\/2024\/09\/15-768x768.jpg 768w, https:\/\/vividclinic.net\/wp-content\/uploads\/2024\/09\/15-640x640.jpg 640w, https:\/\/vividclinic.net\/wp-content\/uploads\/2024\/09\/15-400x400.jpg 400w, https:\/\/vividclinic.net\/wp-content\/uploads\/2024\/09\/15-560x560.jpg 560w, https:\/\/vividclinic.net\/wp-content\/uploads\/2024\/09\/15-367x367.jpg 367w\" sizes=\"(max-width: 1024px) 100vw, 1024px\" \/><figcaption class=\"wp-element-caption\">\u0130stanbul&#039;daki Vivid Clinic&#039;te meme implantlar\u0131 ve kar\u0131n germe dahil olmak \u00fczere anne esteti\u011fiyle hamilelik sonras\u0131 v\u00fccudunuzu canland\u0131r\u0131n.<\/figcaption><\/figure>\n\n\n\n<figure class=\"wp-block-image size-large\"><img decoding=\"async\" width=\"1024\" height=\"1024\" data-id=\"14644\" src=\"https:\/\/vividclinic.net\/wp-content\/uploads\/2024\/09\/17-1024x1024.jpg\" alt=\"Vivid Clinic&#039;te kar\u0131n germe ameliyat\u0131 sonras\u0131 daha d\u00fcz ve s\u0131k\u0131 bir kar\u0131n.\" class=\"wp-image-14644\" title=\"\" srcset=\"https:\/\/vividclinic.net\/wp-content\/uploads\/2024\/09\/17-1024x1024.jpg 1024w, https:\/\/vividclinic.net\/wp-content\/uploads\/2024\/09\/17-768x768.jpg 768w, https:\/\/vividclinic.net\/wp-content\/uploads\/2024\/09\/17-640x640.jpg 640w, https:\/\/vividclinic.net\/wp-content\/uploads\/2024\/09\/17-400x400.jpg 400w, https:\/\/vividclinic.net\/wp-content\/uploads\/2024\/09\/17-560x560.jpg 560w, https:\/\/vividclinic.net\/wp-content\/uploads\/2024\/09\/17-367x367.jpg 367w\" sizes=\"(max-width: 1024px) 100vw, 1024px\" \/><figcaption class=\"wp-element-caption\">\u0130stanbul&#039;daki Vivid Clinic&#039;te kar\u0131n germe (abdominoplasti) ameliyat\u0131 ile kar\u0131n b\u00f6lgenizi d\u00f6n\u00fc\u015ft\u00fcr\u00fcn<\/figcaption><\/figure>\n<\/figure>\n\n\n\n<p class=\"wp-block-paragraph\">Uzman rehberimize g\u00f6z at\u0131n <a href=\"https:\/\/vividclinic.net\/tr\/operations\/body-aesthetic\/tummy-tuck\/\" data-type=\"page\" data-id=\"3962\">Kar\u0131n Germe Ameliyat\u0131<\/a> daha kal\u0131c\u0131 \u00e7\u00f6z\u00fcmler i\u00e7in<\/p>\n\n\n\n<h3 class=\"wp-block-heading\"><strong>Kurtarma Zaman \u00c7er\u00e7evesi<\/strong><\/h3>\n\n\n\n<figure class=\"wp-block-table\"><table class=\"has-fixed-layout\"><tbody><tr><th><strong>Bak\u0131\u015f a\u00e7\u0131s\u0131<\/strong><\/th><th><strong>S\u00fcre<\/strong><\/th><\/tr><tr><td>Egzersiz Sonu\u00e7lar\u0131<\/td><td>3-6 ay<\/td><\/tr><tr><td><a href=\"https:\/\/vividclinic.net\/tr\/tag\/skin-tightening-2\/\" title=\"cilt s\u0131k\u0131la\u015ft\u0131rma\" data-wpil-monitor-id=\"6087\">Cilt S\u0131k\u0131la\u015ft\u0131rma<\/a><\/td><td>4-12 ay<\/td><\/tr><tr><td>Cerrahi \u0130yile\u015fme<\/td><td>6-12 hafta<\/td><\/tr><tr><td>Sonu\u00e7<\/td><td>6-18 ay<\/td><\/tr><\/tbody><\/table><\/figure>\n\n\n\n<p class=\"wp-block-paragraph\"><strong>\ud83d\udd39 Profesyonel \u0130pucu:<\/strong> <em>Beslenme ve egzersizde tutarl\u0131l\u0131k uzun vadeli sonu\u00e7lar\u0131 \u00f6nemli \u00f6l\u00e7\u00fcde etkiler!<\/em><\/p>\n\n\n\n<figure class=\"wp-block-image size-large is-resized\"><img decoding=\"async\" width=\"1024\" height=\"1024\" src=\"https:\/\/vividclinic.net\/wp-content\/uploads\/2025\/02\/3-1024x1024.jpg\" alt=\"Sezaryen sonras\u0131 sark\u0131k kar\u0131ndan nas\u0131l kurtulabilirsiniz: Vivid Clinic&#039;te kar\u0131n germe ameliyat\u0131 \u00f6ncesi ve sonras\u0131 sark\u0131k kar\u0131n.\" class=\"wp-image-26667\" style=\"width:1140px;height:auto\" title=\"\" srcset=\"https:\/\/vividclinic.net\/wp-content\/uploads\/2025\/02\/3-1024x1024.jpg 1024w, https:\/\/vividclinic.net\/wp-content\/uploads\/2025\/02\/3-768x768.jpg 768w, https:\/\/vividclinic.net\/wp-content\/uploads\/2025\/02\/3-640x640.jpg 640w, https:\/\/vividclinic.net\/wp-content\/uploads\/2025\/02\/3-400x400.jpg 400w, https:\/\/vividclinic.net\/wp-content\/uploads\/2025\/02\/3-560x560.jpg 560w, https:\/\/vividclinic.net\/wp-content\/uploads\/2025\/02\/3-367x367.jpg 367w\" sizes=\"(max-width: 1024px) 100vw, 1024px\" \/><figcaption class=\"wp-element-caption\">Sezaryen Sonras\u0131 Sarkan G\u00f6bek: Karn\u0131n\u0131z\u0131 S\u0131k\u0131la\u015ft\u0131rman\u0131n ve \u015eekillendirmenin 7 Kan\u0131tlanm\u0131\u015f Yolu<\/figcaption><\/figure>\n\n\n\n<h2 class=\"wp-block-heading\">Sezaryen Sonras\u0131 Sark\u0131k Kar\u0131n Hakk\u0131nda S\u0131k\u00e7a Sorulan Sorular<\/h2>\n\n\n\n<h3 class=\"wp-block-heading\">Sark\u0131k g\u00f6be\u011fim i\u00e7in ne yapmal\u0131y\u0131m?<\/h3>\n\n\n\n<p class=\"wp-block-paragraph\">K\u0131vr\u0131m\u0131n ya\u011f m\u0131, gev\u015fek deri mi yoksa kas ayr\u0131lmas\u0131 m\u0131 oldu\u011funu belirleyin. Ya\u011f, beslenme ve egzersizle, kas ayr\u0131lmas\u0131 kar\u0131n kas\u0131 rehabilitasyonu veya cerrahi onar\u0131mla, gev\u015fek deri ise sadece cilt s\u0131k\u0131la\u015ft\u0131rma tedavileri veya kar\u0131n germe ameliyat\u0131yla d\u00fczelir. \u00c7o\u011fu kad\u0131n i\u00e7in bunlar\u0131n bir kombinasyonu gereklidir.<\/p>\n\n\n\n<h3 class=\"wp-block-heading\">Sezaryen sonras\u0131 sarkan g\u00f6be\u011fi do\u011fal yollarla nas\u0131l eritebilirim?<\/h3>\n\n\n\n<p class=\"wp-block-paragraph\">Kar\u0131n b\u00f6lgesinin rehabilitasyonu, a\u015famal\u0131 kuvvet antrenman\u0131, orta d\u00fczeyde kalori a\u00e7\u0131\u011f\u0131, yara izi masaj\u0131 ve yeterli s\u0131v\u0131 al\u0131m\u0131, \u00e7o\u011fu sark\u0131k kar\u0131n b\u00f6lgesinde \u00fc\u00e7 ila alt\u0131 ay i\u00e7inde g\u00f6zle g\u00f6r\u00fcl\u00fcr iyile\u015fme sa\u011flayacakt\u0131r. Ancak bu y\u00f6ntemler, kal\u0131c\u0131 olarak elastikiyetini kaybetmi\u015f deriyi ortadan kald\u0131ramaz.<\/p>\n\n\n\n<h3 class=\"wp-block-heading\">Sezaryen sonras\u0131 sark\u0131k kar\u0131n kendili\u011finden ge\u00e7er mi?<\/h3>\n\n\n\n<p class=\"wp-block-paragraph\">K\u0131smen. \u015ei\u015flik ve s\u0131v\u0131 birikimi ilk haftalarda ge\u00e7er ve cilt bir y\u0131la kadar eski haline d\u00f6ner. E\u011fer k\u0131vr\u0131m on iki ay sonra hala duruyorsa, tedavi olmadan kaybolmas\u0131 olas\u0131 de\u011fildir.<\/p>\n\n\n\n<h3 class=\"wp-block-heading\">Sezaryen ameliyat\u0131ndan sonra karn\u0131m neden yara izinin \u00fczerinden sark\u0131yor?<\/h3>\n\n\n\n<p class=\"wp-block-paragraph\">Yara izi, daha derin doku katmanlar\u0131na yap\u0131\u015farak iyile\u015fir ve sabit bir \u00e7izgi olu\u015fturur. Bu \u00e7izginin \u00fczerindeki deri ve ya\u011f dokusu katlanarak \u00e7\u0131k\u0131nt\u0131y\u0131 meydana getirir. Yara izi masaj\u0131, silikon \u00fcr\u00fcnler ve gerekirse yara izi d\u00fczeltme veya kar\u0131n germe ameliyat\u0131 bu sorunu \u00e7\u00f6zer.<\/p>\n\n\n\n<h3 class=\"wp-block-heading\">Sezaryen sonras\u0131 olu\u015fan kar\u0131n b\u00f6lgemi ameliyats\u0131z d\u00fczle\u015ftirebilir miyim?<\/h3>\n\n\n\n<p class=\"wp-block-paragraph\">Evet, \u00e7o\u011fu zaman, e\u011fer as\u0131l sorunlar ya\u011f, \u015fi\u015flik ve kas zay\u0131fl\u0131\u011f\u0131 ise. Egzersiz, beslenme ve cerrahi olmayan cilt s\u0131k\u0131la\u015ft\u0131rma y\u00f6ntemleri \u00e7ok daha d\u00fcz bir g\u00f6r\u00fcn\u00fcm sa\u011flayabilir. Ancak, belirgin derecede sarkm\u0131\u015f cilt i\u00e7in cerrahi m\u00fcdahale gereklidir.<\/p>\n\n\n\n<h3 class=\"wp-block-heading\">Sezaryen do\u011fumdan sonra ne zaman egzersiz yapmaya ba\u015flayabilirim?<\/h3>\n\n\n\n<p class=\"wp-block-paragraph\">Hafif y\u00fcr\u00fcy\u00fc\u015f ve nefes egzersizlerine genellikle birka\u00e7 g\u00fcn i\u00e7inde ba\u015flanabilir. Kar\u0131n kas\u0131 veya diren\u00e7 egzersizlerine ba\u015flamadan \u00f6nce en az alt\u0131 ila sekiz hafta bekleyin ve doktorunuzdan onay al\u0131n; iyile\u015fme s\u00fcreci karma\u015f\u0131k ge\u00e7tiyse bu s\u00fcre daha da uzayabilir.<\/p>\n\n\n\n<h3 class=\"wp-block-heading\">Sezaryen do\u011fumdan sonra karn\u0131m\u0131 nas\u0131l s\u0131k\u0131la\u015ft\u0131rabilirim?<\/h3>\n\n\n\n<p class=\"wp-block-paragraph\">Derin kar\u0131n kas\u0131 egzersizlerini, haftada iki kez t\u00fcm v\u00fccut kuvvet antrenmanlar\u0131n\u0131, yeterli protein al\u0131m\u0131n\u0131, duru\u015f d\u00fczeltmeyi ve yara izi hareketlili\u011fini birle\u015ftirin. Birka\u00e7 ay sonra hafif gev\u015feklik devam ederse, radyofrekans veya ultrasonik s\u0131k\u0131la\u015ft\u0131rma ekleyin.<\/p>\n\n\n\n<h3 class=\"wp-block-heading\">Kar\u0131n germe ameliyat\u0131 sezaryen sonras\u0131 olu\u015fan g\u00f6bek sarkmas\u0131n\u0131 kal\u0131c\u0131 olarak ortadan kald\u0131r\u0131r m\u0131?<\/h3>\n\n\n\n<p class=\"wp-block-paragraph\">Evet. Kar\u0131n germe ameliyat\u0131 fazla deriyi ve ya\u011f\u0131 al\u0131r, ayr\u0131lm\u0131\u015f kaslar\u0131 onar\u0131r ve kilonuz sabit kald\u0131\u011f\u0131 ve ba\u015fka bir hamilelik planlamad\u0131\u011f\u0131n\u0131z s\u00fcrece sonu\u00e7 uzun s\u00fcreli olur.<\/p>\n\n\n\n<h3 class=\"wp-block-heading\">Sezaryen do\u011fumdan ne kadar s\u00fcre sonra kar\u0131n germe ameliyat\u0131 yapt\u0131rabilirim?<\/h3>\n\n\n\n<p class=\"wp-block-paragraph\">\u00c7o\u011fu cerrah, emzirmeyi b\u0131rakana ve kilonuz birka\u00e7 ay boyunca sabit kalana kadar do\u011fumdan sonra en az alt\u0131 ila on iki ay beklemenizi \u00f6nerir.<\/p>\n\n\n\n<h3 class=\"wp-block-heading\">Sezaryen do\u011fum sonras\u0131 gev\u015feyen cildi s\u0131k\u0131la\u015ft\u0131rman\u0131n do\u011fal yollar\u0131 var m\u0131?<\/h3>\n\n\n\n<p class=\"wp-block-paragraph\">Yeterli s\u0131v\u0131 al\u0131m\u0131, yeterli protein ve C vitamini, g\u00fc\u00e7 antrenman\u0131, h\u0131zl\u0131 kilo de\u011fi\u015fimlerinden ka\u00e7\u0131nma, sigara i\u00e7meme ve g\u00fcnl\u00fck nemlendirme, cilt kalitesini destekler. Hafif sarkmalar\u0131 iyile\u015ftirirler ancak ger\u00e7ek bir sarkmay\u0131 ortadan kald\u0131ramazlar.<\/p>\n\n\n\n<h3 class=\"wp-block-heading\">Sezaryen ameliyat\u0131ndan sonra karn\u0131m aya\u011fa kalk\u0131nca neden daha k\u00f6t\u00fc g\u00f6r\u00fcn\u00fcyor?<\/h3>\n\n\n\n<p class=\"wp-block-paragraph\">Ayakta durmak, yer\u00e7ekiminin gev\u015fek cildi ve zay\u0131f kar\u0131n duvar\u0131n\u0131 \u00f6ne do\u011fru \u00e7ekmesine neden olur, b\u00f6ylece k\u0131vr\u0131m belirginle\u015fir. Genellikle kas ayr\u0131lmas\u0131 ve cilt gev\u015fekli\u011finin bir kombinasyonunu g\u00f6sterir ve her ikisi de tedavi edilebilir.<\/p>\n\n\n\n<h3 class=\"wp-block-heading\">Sezaryen do\u011fum sonras\u0131 sark\u0131k kar\u0131n tehlikeli midir?<\/h3>\n\n\n\n<p class=\"wp-block-paragraph\">Kendi ba\u015f\u0131na tehlikeli olmasa da, b\u00fcy\u00fck bir \u00e7\u0131k\u0131nt\u0131 cilt tahri\u015fine, k\u0131vr\u0131mda enfeksiyona, s\u0131rt a\u011fr\u0131s\u0131na ve hijyen sorunlar\u0131na neden olabilir. Kal\u0131c\u0131 d\u00f6k\u00fcnt\u00fc, a\u011fr\u0131 veya ak\u0131nt\u0131 varsa, bir doktora g\u00f6r\u00fcnmelisiniz.<\/p>\n\n\n\n<h2 class=\"wp-block-heading\">\u00d6zetle<\/h2>\n\n\n\n<p class=\"wp-block-paragraph\">Sezaryen sonras\u0131 sark\u0131k bir kar\u0131n yayg\u0131nd\u0131r, bu sizin su\u00e7unuz de\u011fil ve y\u00f6netilebilir bir durumdur. V\u00fccudunuza iyile\u015fmesi i\u00e7in ilk alt\u0131 ay\u0131 verin, kar\u0131n kaslar\u0131n\u0131z\u0131 d\u00fczg\u00fcn bir \u015fekilde yeniden olu\u015fturun, beslenmenizi istikrarl\u0131 hale getirin ve ard\u0131ndan geriye kalanlar\u0131 d\u00fcr\u00fcst\u00e7e de\u011ferlendirin. Gev\u015fek deri ve ayr\u0131lm\u0131\u015f kaslar i\u00e7in etkili klinik \u00e7\u00f6z\u00fcmler mevcuttur ve mutsuz oldu\u011funuz bir k\u0131vr\u0131mla ya\u015famak zorunda de\u011filsiniz.<\/p>\n\n\n\n<p class=\"wp-block-paragraph\">\u0130stanbul&#039;daki Vivid Klini\u011fimizde, cerrahi olmayan cilt s\u0131k\u0131la\u015ft\u0131rmadan kar\u0131n germe ve anne esteti\u011fi ameliyatlar\u0131na kadar do\u011fum sonras\u0131 v\u00fccut \u015fekillendirme konusunda uzmanla\u015fm\u0131\u015f bulunuyoruz. \u00dccretsiz bir kons\u00fcltasyon randevusu al\u0131n ve size v\u00fccudunuza ve hedeflerinize en uygun se\u00e7ene\u011fi d\u00fcr\u00fcst\u00e7e s\u00f6yleyelim.<\/p>","protected":false},"excerpt":{"rendered":"<p>A hanging belly after a C-section is the soft fold of skin and fat that sits over your incision and refuses to flatten, no matter how carefully you eat. Mothers describe it in many ways: a C-section shelf, a belly overhang, an apron belly, a mummy tummy, a hanging stomach or simply a belly that [&hellip;]<\/p>\n","protected":false},"author":1,"featured_media":26661,"comment_status":"closed","ping_status":"closed","sticky":false,"template":"","format":"standard","meta":{"footnotes":""},"categories":[77,75],"tags":[2113,2107,2144,2110,2112,2111,2145,2105,2146,2109],"class_list":["post-26660","post","type-post","status-publish","format-standard","has-post-thumbnail","hentry","category-health-and-wellness","category-non-surgical-treatments","tag-best-exercises-for-c-section-recovery","tag-c-section-belly-reduction","tag-c-section-pooch-2","tag-diastasis-recti-recovery","tag-hanging-belly-after-c-section","tag-loose-skin-after-pregnancy","tag-non-surgical-skin-tightening-2","tag-postpartum-belly-fat","tag-postpartum-weight-loss-2","tag-tummy-tuck-after-c-section"],"featured_image_src":{"landsacpe":["https:\/\/vividclinic.net\/wp-content\/uploads\/2025\/02\/2-1140x445.jpg",1140,445,true],"list":["https:\/\/vividclinic.net\/wp-content\/uploads\/2025\/02\/2-463x348.jpg",463,348,true],"medium":["https:\/\/vividclinic.net\/wp-content\/uploads\/2025\/02\/2-300x300.jpg",300,300,true],"full":["https:\/\/vividclinic.net\/wp-content\/uploads\/2025\/02\/2.jpg",1200,1200,false]},"_links":{"self":[{"href":"https:\/\/vividclinic.net\/tr\/wp-json\/wp\/v2\/posts\/26660","targetHints":{"allow":["GET"]}}],"collection":[{"href":"https:\/\/vividclinic.net\/tr\/wp-json\/wp\/v2\/posts"}],"about":[{"href":"https:\/\/vividclinic.net\/tr\/wp-json\/wp\/v2\/types\/post"}],"author":[{"embeddable":true,"href":"https:\/\/vividclinic.net\/tr\/wp-json\/wp\/v2\/users\/1"}],"replies":[{"embeddable":true,"href":"https:\/\/vividclinic.net\/tr\/wp-json\/wp\/v2\/comments?post=26660"}],"version-history":[{"count":20,"href":"https:\/\/vividclinic.net\/tr\/wp-json\/wp\/v2\/posts\/26660\/revisions"}],"predecessor-version":[{"id":36737,"href":"https:\/\/vividclinic.net\/tr\/wp-json\/wp\/v2\/posts\/26660\/revisions\/36737"}],"wp:featuredmedia":[{"embeddable":true,"href":"https:\/\/vividclinic.net\/tr\/wp-json\/wp\/v2\/media\/26661"}],"wp:attachment":[{"href":"https:\/\/vividclinic.net\/tr\/wp-json\/wp\/v2\/media?parent=26660"}],"wp:term":[{"taxonomy":"category","embeddable":true,"href":"https:\/\/vividclinic.net\/tr\/wp-json\/wp\/v2\/categories?post=26660"},{"taxonomy":"post_tag","embeddable":true,"href":"https:\/\/vividclinic.net\/tr\/wp-json\/wp\/v2\/tags?post=26660"}],"curies":[{"name":"wp","href":"https:\/\/api.w.org\/{rel}","templated":true}]}}